{"id":9805,"date":"2024-12-05T21:50:27","date_gmt":"2024-12-05T20:50:27","guid":{"rendered":"https:\/\/lettresdepoilus-pays-de-ploermel.fr\/?p=9805"},"modified":"2025-02-06T21:36:34","modified_gmt":"2025-02-06T20:36:34","slug":"joseph-posnic","status":"publish","type":"post","link":"https:\/\/lettresdepoilus-pays-de-ploermel.fr\/index.php\/2024\/12\/05\/joseph-posnic\/","title":{"rendered":"Joseph POSNIC"},"content":{"rendered":"\n<p>Joseph POSNIC est n\u00e9 le 17 f\u00e9vrier 1879 \u00e0 M\u00e9n\u00e9ac (Morbihan) et est d\u00e9c\u00e9d\u00e9 le 12 juillet 1917 \u00e0 Saint-Andr\u00e9 (Is\u00e8re) Fils de Joseph Marie et Marie Marguerite GUILLEMIN.<\/p>\n\n\n\n<p class=\"has-text-align-center\">Il \u00e9tait incorpor\u00e9 au 245\u00e8me R\u00e9giment d&rsquo;Infanterie.<\/p>\n\n\n<div class=\"wp-block-image\">\n<figure class=\"aligncenter\"><a href=\"https:\/\/argonnaute.parisnanterre.fr\/ark:\/14707\/j8s9l3h5dtrx\/218551ce-406c-426b-9279-ae6a8b63a5ad\" target=\"_blank\" rel=\"noreferrer noopener\"><img fetchpriority=\"high\" decoding=\"async\" width=\"348\" height=\"524\" src=\"https:\/\/lettresdepoilus-pays-de-ploermel.fr\/wp-content\/uploads\/2024\/04\/image-34.png\" alt=\"\" class=\"wp-image-2657\" srcset=\"https:\/\/lettresdepoilus-pays-de-ploermel.fr\/wp-content\/uploads\/2024\/04\/image-34.png 348w, https:\/\/lettresdepoilus-pays-de-ploermel.fr\/wp-content\/uploads\/2024\/04\/image-34-199x300.png 199w\" sizes=\"(max-width: 348px) 100vw, 348px\" \/><\/a><figcaption class=\"wp-element-caption\"><strong>Cliquez sur le livre pour lire l\u2019historique du 245\u00e8me R.I<\/strong><\/figcaption><\/figure>\n<\/div>\n\n<div class=\"wp-block-image\">\n<figure class=\"aligncenter\"><a href=\"https:\/\/memorial19141918.wordpress.com\/2023\/11\/09\/245-eme-ri\/\" target=\"_blank\" rel=\"noreferrer noopener\"><img decoding=\"async\" width=\"810\" height=\"508\" src=\"https:\/\/lettresdepoilus-pays-de-ploermel.fr\/wp-content\/uploads\/2024\/04\/245-RI.png\" alt=\"\" class=\"wp-image-2658\" srcset=\"https:\/\/lettresdepoilus-pays-de-ploermel.fr\/wp-content\/uploads\/2024\/04\/245-RI.png 810w, https:\/\/lettresdepoilus-pays-de-ploermel.fr\/wp-content\/uploads\/2024\/04\/245-RI-300x188.png 300w, https:\/\/lettresdepoilus-pays-de-ploermel.fr\/wp-content\/uploads\/2024\/04\/245-RI-768x482.png 768w\" sizes=\"(max-width: 810px) 100vw, 810px\" \/><\/a><figcaption class=\"wp-element-caption\"><strong>Cliquer sur l\u2019image Bataille de la Marne (1914)<\/strong><\/figcaption><\/figure>\n<\/div>\n\n\n<p><\/p>\n\n\n\n<p><\/p>\n","protected":false},"excerpt":{"rendered":"<p>Joseph POSNIC est n\u00e9 le 17 f\u00e9vrier 1879 \u00e0 M\u00e9n\u00e9ac (Morbihan) et est d\u00e9c\u00e9d\u00e9 le 12 juillet 1917 \u00e0 Saint-Andr\u00e9 (Is\u00e8re) Fils de Joseph Marie et Marie Marguerite GUILLEMIN. Il \u00e9tait incorpor\u00e9 au 245\u00e8me R\u00e9giment d&rsquo;Infanterie.<\/p>\n","protected":false},"author":1,"featured_media":0,"comment_status":"closed","ping_status":"closed","sticky":false,"template":"","format":"standard","meta":{"iawp_total_views":1,"footnotes":""},"categories":[45],"tags":[76],"class_list":["post-9805","post","type-post","status-publish","format-standard","hentry","category--portraits","tag-meneac"],"acf":[],"_links":{"self":[{"href":"https:\/\/lettresdepoilus-pays-de-ploermel.fr\/index.php\/wp-json\/wp\/v2\/posts\/9805","targetHints":{"allow":["GET"]}}],"collection":[{"href":"https:\/\/lettresdepoilus-pays-de-ploermel.fr\/index.php\/wp-json\/wp\/v2\/posts"}],"about":[{"href":"https:\/\/lettresdepoilus-pays-de-ploermel.fr\/index.php\/wp-json\/wp\/v2\/types\/post"}],"author":[{"embeddable":true,"href":"https:\/\/lettresdepoilus-pays-de-ploermel.fr\/index.php\/wp-json\/wp\/v2\/users\/1"}],"replies":[{"embeddable":true,"href":"https:\/\/lettresdepoilus-pays-de-ploermel.fr\/index.php\/wp-json\/wp\/v2\/comments?post=9805"}],"version-history":[{"count":4,"href":"https:\/\/lettresdepoilus-pays-de-ploermel.fr\/index.php\/wp-json\/wp\/v2\/posts\/9805\/revisions"}],"predecessor-version":[{"id":13058,"href":"https:\/\/lettresdepoilus-pays-de-ploermel.fr\/index.php\/wp-json\/wp\/v2\/posts\/9805\/revisions\/13058"}],"wp:attachment":[{"href":"https:\/\/lettresdepoilus-pays-de-ploermel.fr\/index.php\/wp-json\/wp\/v2\/media?parent=9805"}],"wp:term":[{"taxonomy":"category","embeddable":true,"href":"https:\/\/lettresdepoilus-pays-de-ploermel.fr\/index.php\/wp-json\/wp\/v2\/categories?post=9805"},{"taxonomy":"post_tag","embeddable":true,"href":"https:\/\/lettresdepoilus-pays-de-ploermel.fr\/index.php\/wp-json\/wp\/v2\/tags?post=9805"}],"curies":[{"name":"wp","href":"https:\/\/api.w.org\/{rel}","templated":true}]}}