{"id":9797,"date":"2024-12-05T22:03:27","date_gmt":"2024-12-05T21:03:27","guid":{"rendered":"https:\/\/lettresdepoilus-pays-de-ploermel.fr\/?p=9797"},"modified":"2024-12-05T22:03:27","modified_gmt":"2024-12-05T21:03:27","slug":"eugene-portier","status":"publish","type":"post","link":"https:\/\/lettresdepoilus-pays-de-ploermel.fr\/index.php\/2024\/12\/05\/eugene-portier\/","title":{"rendered":"Eug\u00e8ne PORTIER"},"content":{"rendered":"\n<p>Eug\u00e8ne Joseph Marie PORTIER est n\u00e9 le 10 avril 1892 \u00e0 M\u00e9n\u00e9ac (Morbihan) et est d\u00e9c\u00e9d\u00e9 le 26 ao\u00fbt 1914 \u00e0 La Marf\u00e9e-Sedan (Ardennes) <\/p>\n\n\n\n<p>Il \u00e9tait incorpor\u00e9 au 62\u00e8me r\u00e9giment d&rsquo;Infanterie.<\/p>\n\n\n\n<p>Le 62\u00e8me R.I a particuli\u00e8rement connu des jours tr\u00e8s meurtriers, notamment lors de l\u2019attaque de TAHURE.<\/p>\n\n\n<div class=\"wp-block-image\">\n<figure class=\"aligncenter\"><a href=\"https:\/\/argonnaute.parisnanterre.fr\/ark:\/14707\/cd412g7l3wnk\/a210360b-00b0-404a-8eaa-6e5f368706ab\" target=\"_blank\" rel=\"noreferrer noopener\"><img fetchpriority=\"high\" decoding=\"async\" width=\"435\" height=\"715\" src=\"https:\/\/lettresdepoilus-pays-de-ploermel.fr\/wp-content\/uploads\/2024\/04\/image-38.png\" alt=\"\" class=\"wp-image-2680\" srcset=\"https:\/\/lettresdepoilus-pays-de-ploermel.fr\/wp-content\/uploads\/2024\/04\/image-38.png 435w, https:\/\/lettresdepoilus-pays-de-ploermel.fr\/wp-content\/uploads\/2024\/04\/image-38-183x300.png 183w\" sizes=\"(max-width: 435px) 100vw, 435px\" \/><\/a><figcaption class=\"wp-element-caption\"><strong>Cliquez sur le livre pour lire l\u2019historique du 62\u00e8me R.I<\/strong><\/figcaption><\/figure>\n<\/div>\n\n<div class=\"wp-block-image\">\n<figure class=\"aligncenter\"><img decoding=\"async\" width=\"299\" height=\"204\" src=\"https:\/\/lettresdepoilus-pays-de-ploermel.fr\/wp-content\/uploads\/2024\/04\/ri_62e_9e_escouade_du_62e_ri_en_alsace.jpg\" alt=\"\" class=\"wp-image-2681\"\/><figcaption class=\"wp-element-caption\"><strong>Escouade de Morbihannais du 62\u00e8me R.I<\/strong><\/figcaption><\/figure>\n<\/div>\n\n\n<p> <\/p>\n\n\n\n<p><\/p>\n","protected":false},"excerpt":{"rendered":"<p>Eug\u00e8ne Joseph Marie PORTIER est n\u00e9 le 10 avril 1892 \u00e0 M\u00e9n\u00e9ac (Morbihan) et est d\u00e9c\u00e9d\u00e9 le 26 ao\u00fbt 1914 \u00e0 La Marf\u00e9e-Sedan (Ardennes) Il \u00e9tait incorpor\u00e9 au 62\u00e8me r\u00e9giment d&rsquo;Infanterie. Le 62\u00e8me R.I a particuli\u00e8rement connu des jours tr\u00e8s meurtriers, notamment lors de l\u2019attaque de TAHURE.<\/p>\n","protected":false},"author":1,"featured_media":0,"comment_status":"closed","ping_status":"closed","sticky":false,"template":"","format":"standard","meta":{"iawp_total_views":2,"footnotes":""},"categories":[45],"tags":[76],"class_list":["post-9797","post","type-post","status-publish","format-standard","hentry","category--portraits","tag-meneac"],"acf":[],"_links":{"self":[{"href":"https:\/\/lettresdepoilus-pays-de-ploermel.fr\/index.php\/wp-json\/wp\/v2\/posts\/9797","targetHints":{"allow":["GET"]}}],"collection":[{"href":"https:\/\/lettresdepoilus-pays-de-ploermel.fr\/index.php\/wp-json\/wp\/v2\/posts"}],"about":[{"href":"https:\/\/lettresdepoilus-pays-de-ploermel.fr\/index.php\/wp-json\/wp\/v2\/types\/post"}],"author":[{"embeddable":true,"href":"https:\/\/lettresdepoilus-pays-de-ploermel.fr\/index.php\/wp-json\/wp\/v2\/users\/1"}],"replies":[{"embeddable":true,"href":"https:\/\/lettresdepoilus-pays-de-ploermel.fr\/index.php\/wp-json\/wp\/v2\/comments?post=9797"}],"version-history":[{"count":3,"href":"https:\/\/lettresdepoilus-pays-de-ploermel.fr\/index.php\/wp-json\/wp\/v2\/posts\/9797\/revisions"}],"predecessor-version":[{"id":13136,"href":"https:\/\/lettresdepoilus-pays-de-ploermel.fr\/index.php\/wp-json\/wp\/v2\/posts\/9797\/revisions\/13136"}],"wp:attachment":[{"href":"https:\/\/lettresdepoilus-pays-de-ploermel.fr\/index.php\/wp-json\/wp\/v2\/media?parent=9797"}],"wp:term":[{"taxonomy":"category","embeddable":true,"href":"https:\/\/lettresdepoilus-pays-de-ploermel.fr\/index.php\/wp-json\/wp\/v2\/categories?post=9797"},{"taxonomy":"post_tag","embeddable":true,"href":"https:\/\/lettresdepoilus-pays-de-ploermel.fr\/index.php\/wp-json\/wp\/v2\/tags?post=9797"}],"curies":[{"name":"wp","href":"https:\/\/api.w.org\/{rel}","templated":true}]}}