{"id":9791,"date":"2024-12-09T16:21:36","date_gmt":"2024-12-09T15:21:36","guid":{"rendered":"https:\/\/lettresdepoilus-pays-de-ploermel.fr\/?p=9791"},"modified":"2025-02-07T14:57:39","modified_gmt":"2025-02-07T13:57:39","slug":"eugene-perrin","status":"publish","type":"post","link":"https:\/\/lettresdepoilus-pays-de-ploermel.fr\/index.php\/2024\/12\/09\/eugene-perrin\/","title":{"rendered":"Eug\u00e8ne PERRIN"},"content":{"rendered":"\n<p>Eug\u00e8ne Pierre Marie PERRIN est n\u00e9 le 13 mars 1896 \u00e0 M\u00e9n\u00e9ac (Morbihan) et est d\u00e9c\u00e9d\u00e9 le 1er mai 1917 \u00e0 Mont Cornillet (Marne) Le Mont Cornillet, situ\u00e9 sur la commune de Prosnes, fait partie du massif de Moronvillers, proche d&rsquo;Aub\u00e9rive. Fils de Jean Baptiste PERRIN et Rosalie MILON. C\u00e9libataire.<\/p>\n\n\n\n<p class=\"has-text-align-center\">Il \u00e9tait incorpor\u00e9 au 270\u00e8me R\u00e9giment d\u2019Infanterie.<\/p>\n\n\n<div class=\"wp-block-image\">\n<figure class=\"aligncenter\"><img fetchpriority=\"high\" decoding=\"async\" width=\"376\" height=\"278\" src=\"https:\/\/lettresdepoilus-pays-de-ploermel.fr\/wp-content\/uploads\/2024\/09\/image-98.png\" alt=\"\" class=\"wp-image-7870\" srcset=\"https:\/\/lettresdepoilus-pays-de-ploermel.fr\/wp-content\/uploads\/2024\/09\/image-98.png 376w, https:\/\/lettresdepoilus-pays-de-ploermel.fr\/wp-content\/uploads\/2024\/09\/image-98-300x222.png 300w\" sizes=\"(max-width: 376px) 100vw, 376px\" \/><figcaption class=\"wp-element-caption\"><a href=\"https:\/\/memorial19141918.wordpress.com\/2011\/10\/18\/270-eme-ri\/\" rel=\"noreferrer noopener\" target=\"_blank\">Historique du 270\u00e8me R.I.<\/a><\/figcaption><\/figure>\n<\/div>\n\n\n<p><\/p>\n","protected":false},"excerpt":{"rendered":"<p>Eug\u00e8ne Pierre Marie PERRIN est n\u00e9 le 13 mars 1896 \u00e0 M\u00e9n\u00e9ac (Morbihan) et est d\u00e9c\u00e9d\u00e9 le 1er mai 1917 \u00e0 Mont Cornillet (Marne) Le Mont Cornillet, situ\u00e9 sur la commune de Prosnes, fait partie du massif de Moronvillers, proche d&rsquo;Aub\u00e9rive. Fils de Jean Baptiste PERRIN et Rosalie MILON. C\u00e9libataire. Il \u00e9tait incorpor\u00e9 au 270\u00e8me R\u00e9giment d\u2019Infanterie.<\/p>\n","protected":false},"author":1,"featured_media":0,"comment_status":"closed","ping_status":"closed","sticky":false,"template":"","format":"standard","meta":{"iawp_total_views":1,"footnotes":""},"categories":[45],"tags":[76],"class_list":["post-9791","post","type-post","status-publish","format-standard","hentry","category--portraits","tag-meneac"],"acf":[],"_links":{"self":[{"href":"https:\/\/lettresdepoilus-pays-de-ploermel.fr\/index.php\/wp-json\/wp\/v2\/posts\/9791","targetHints":{"allow":["GET"]}}],"collection":[{"href":"https:\/\/lettresdepoilus-pays-de-ploermel.fr\/index.php\/wp-json\/wp\/v2\/posts"}],"about":[{"href":"https:\/\/lettresdepoilus-pays-de-ploermel.fr\/index.php\/wp-json\/wp\/v2\/types\/post"}],"author":[{"embeddable":true,"href":"https:\/\/lettresdepoilus-pays-de-ploermel.fr\/index.php\/wp-json\/wp\/v2\/users\/1"}],"replies":[{"embeddable":true,"href":"https:\/\/lettresdepoilus-pays-de-ploermel.fr\/index.php\/wp-json\/wp\/v2\/comments?post=9791"}],"version-history":[{"count":5,"href":"https:\/\/lettresdepoilus-pays-de-ploermel.fr\/index.php\/wp-json\/wp\/v2\/posts\/9791\/revisions"}],"predecessor-version":[{"id":13135,"href":"https:\/\/lettresdepoilus-pays-de-ploermel.fr\/index.php\/wp-json\/wp\/v2\/posts\/9791\/revisions\/13135"}],"wp:attachment":[{"href":"https:\/\/lettresdepoilus-pays-de-ploermel.fr\/index.php\/wp-json\/wp\/v2\/media?parent=9791"}],"wp:term":[{"taxonomy":"category","embeddable":true,"href":"https:\/\/lettresdepoilus-pays-de-ploermel.fr\/index.php\/wp-json\/wp\/v2\/categories?post=9791"},{"taxonomy":"post_tag","embeddable":true,"href":"https:\/\/lettresdepoilus-pays-de-ploermel.fr\/index.php\/wp-json\/wp\/v2\/tags?post=9791"}],"curies":[{"name":"wp","href":"https:\/\/api.w.org\/{rel}","templated":true}]}}