{"id":9709,"date":"2024-12-09T11:47:33","date_gmt":"2024-12-09T10:47:33","guid":{"rendered":"https:\/\/lettresdepoilus-pays-de-ploermel.fr\/?p=9709"},"modified":"2025-02-07T15:00:15","modified_gmt":"2025-02-07T14:00:15","slug":"jean-guillo","status":"publish","type":"post","link":"https:\/\/lettresdepoilus-pays-de-ploermel.fr\/index.php\/2024\/12\/09\/jean-guillo\/","title":{"rendered":"Jean GUILLO"},"content":{"rendered":"\n<p>Jean Pierre Marie Mathurin GUILLO est n\u00e9 le 2 avril 1879 \u00e0 M\u00e9n\u00e9ac et est d\u00e9c\u00e9d\u00e9 le 12 juin 1916 \u00e0 Verdun (Meuse) Fils de Joseph Marie GUILLO et Marie Joseph RAFFRAY. Mari\u00e9 le 23 f\u00e9vrier 1905 \u00e0 M\u00e9n\u00e9ac avec Alexandrine Marie Joseph MOREUL. 4 enfants\u00a0: Jos\u00e9phine (1906)\u00a0; Henri Eug\u00e8ne Marie (1907)\u00a0; Florence Victorine Marie L\u00e9onie (1908) et Claire Constance Marie Joseph (1913)<\/p>\n\n\n\n<p class=\"has-text-align-center\">Il \u00e9tait incorpor\u00e9 au 14\u00e8me R\u00e9giment d\u2019Infanterie.<\/p>\n\n\n<div class=\"wp-block-image\">\n<figure class=\"aligncenter\"><img fetchpriority=\"high\" decoding=\"async\" width=\"592\" height=\"364\" src=\"https:\/\/lettresdepoilus-pays-de-ploermel.fr\/wp-content\/uploads\/2024\/10\/image-14.png\" alt=\"\" class=\"wp-image-8192\" srcset=\"https:\/\/lettresdepoilus-pays-de-ploermel.fr\/wp-content\/uploads\/2024\/10\/image-14.png 592w, https:\/\/lettresdepoilus-pays-de-ploermel.fr\/wp-content\/uploads\/2024\/10\/image-14-300x184.png 300w\" sizes=\"(max-width: 592px) 100vw, 592px\" \/><figcaption class=\"wp-element-caption\"><a href=\"https:\/\/memorial19141918.wordpress.com\/2023\/03\/12\/14eme-ri\/\" rel=\"noreferrer noopener\" target=\"_blank\">Historique du 14\u00e8me R.I.<\/a><\/figcaption><\/figure>\n<\/div>\n\n\n<p><\/p>\n","protected":false},"excerpt":{"rendered":"<p>Jean Pierre Marie Mathurin GUILLO est n\u00e9 le 2 avril 1879 \u00e0 M\u00e9n\u00e9ac et est d\u00e9c\u00e9d\u00e9 le 12 juin 1916 \u00e0 Verdun (Meuse) Fils de Joseph Marie GUILLO et Marie Joseph RAFFRAY. Mari\u00e9 le 23 f\u00e9vrier 1905 \u00e0 M\u00e9n\u00e9ac avec Alexandrine Marie Joseph MOREUL. 4 enfants\u00a0: Jos\u00e9phine (1906)\u00a0; Henri Eug\u00e8ne Marie (1907)\u00a0; Florence Victorine Marie L\u00e9onie (1908) et Claire Constance Marie Joseph (1913) Il \u00e9tait incorpor\u00e9 au 14\u00e8me R\u00e9giment d\u2019Infanterie.<\/p>\n","protected":false},"author":1,"featured_media":0,"comment_status":"closed","ping_status":"closed","sticky":false,"template":"","format":"standard","meta":{"iawp_total_views":2,"footnotes":""},"categories":[45],"tags":[76],"class_list":["post-9709","post","type-post","status-publish","format-standard","hentry","category--portraits","tag-meneac"],"acf":[],"_links":{"self":[{"href":"https:\/\/lettresdepoilus-pays-de-ploermel.fr\/index.php\/wp-json\/wp\/v2\/posts\/9709","targetHints":{"allow":["GET"]}}],"collection":[{"href":"https:\/\/lettresdepoilus-pays-de-ploermel.fr\/index.php\/wp-json\/wp\/v2\/posts"}],"about":[{"href":"https:\/\/lettresdepoilus-pays-de-ploermel.fr\/index.php\/wp-json\/wp\/v2\/types\/post"}],"author":[{"embeddable":true,"href":"https:\/\/lettresdepoilus-pays-de-ploermel.fr\/index.php\/wp-json\/wp\/v2\/users\/1"}],"replies":[{"embeddable":true,"href":"https:\/\/lettresdepoilus-pays-de-ploermel.fr\/index.php\/wp-json\/wp\/v2\/comments?post=9709"}],"version-history":[{"count":3,"href":"https:\/\/lettresdepoilus-pays-de-ploermel.fr\/index.php\/wp-json\/wp\/v2\/posts\/9709\/revisions"}],"predecessor-version":[{"id":13137,"href":"https:\/\/lettresdepoilus-pays-de-ploermel.fr\/index.php\/wp-json\/wp\/v2\/posts\/9709\/revisions\/13137"}],"wp:attachment":[{"href":"https:\/\/lettresdepoilus-pays-de-ploermel.fr\/index.php\/wp-json\/wp\/v2\/media?parent=9709"}],"wp:term":[{"taxonomy":"category","embeddable":true,"href":"https:\/\/lettresdepoilus-pays-de-ploermel.fr\/index.php\/wp-json\/wp\/v2\/categories?post=9709"},{"taxonomy":"post_tag","embeddable":true,"href":"https:\/\/lettresdepoilus-pays-de-ploermel.fr\/index.php\/wp-json\/wp\/v2\/tags?post=9709"}],"curies":[{"name":"wp","href":"https:\/\/api.w.org\/{rel}","templated":true}]}}