{"id":9694,"date":"2024-12-10T15:25:34","date_gmt":"2024-12-10T14:25:34","guid":{"rendered":"https:\/\/lettresdepoilus-pays-de-ploermel.fr\/?p=9694"},"modified":"2025-02-07T15:54:12","modified_gmt":"2025-02-07T14:54:12","slug":"eugene-gicquel-3","status":"publish","type":"post","link":"https:\/\/lettresdepoilus-pays-de-ploermel.fr\/index.php\/2024\/12\/10\/eugene-gicquel-3\/","title":{"rendered":"Eug\u00e8ne GICQUEL"},"content":{"rendered":"\n<p>Eug\u00e8ne Marie Mathurin GICQUEL est n\u00e9 le 16 mai 1883 \u00e0 M\u00e9n\u00e9ac (Morbihan) et est d\u00e9c\u00e9d\u00e9 le 5 octobre 1918 \u00e0 Urb\u00e8s (Haut Rhin) Fils de Joseph Fran\u00e7ois Marie GICQUEL et Claire Eug\u00e9nie Jeanne Marie ROUXEL. C\u00e9libataire.<\/p>\n\n\n\n<p class=\"has-text-align-center\"> Il \u00e9tait incorpor\u00e9 au 15\u00e8me R\u00e9giment d&rsquo;Artillerie.<\/p>\n\n\n\n<div class=\"wp-block-columns is-layout-flex wp-container-core-columns-is-layout-9d6595d7 wp-block-columns-is-layout-flex\">\n<div class=\"wp-block-column is-layout-flow wp-block-column-is-layout-flow\">\n<figure class=\"wp-block-image size-large\"><img fetchpriority=\"high\" decoding=\"async\" width=\"768\" height=\"1024\" src=\"https:\/\/lettresdepoilus-pays-de-ploermel.fr\/wp-content\/uploads\/2024\/07\/IMG_5373-1-768x1024.jpg\" alt=\"\" class=\"wp-image-4999\" srcset=\"https:\/\/lettresdepoilus-pays-de-ploermel.fr\/wp-content\/uploads\/2024\/07\/IMG_5373-1-768x1024.jpg 768w, https:\/\/lettresdepoilus-pays-de-ploermel.fr\/wp-content\/uploads\/2024\/07\/IMG_5373-1-225x300.jpg 225w, https:\/\/lettresdepoilus-pays-de-ploermel.fr\/wp-content\/uploads\/2024\/07\/IMG_5373-1-1152x1536.jpg 1152w, https:\/\/lettresdepoilus-pays-de-ploermel.fr\/wp-content\/uploads\/2024\/07\/IMG_5373-1-1536x2048.jpg 1536w, https:\/\/lettresdepoilus-pays-de-ploermel.fr\/wp-content\/uploads\/2024\/07\/IMG_5373-1-1140x1520.jpg 1140w, https:\/\/lettresdepoilus-pays-de-ploermel.fr\/wp-content\/uploads\/2024\/07\/IMG_5373-1-scaled.jpg 1920w\" sizes=\"(max-width: 768px) 100vw, 768px\" \/><figcaption class=\"wp-element-caption\"><strong>Canon de 120mm : Obus de 18 kg envoy\u00e9 \u00e0 10 kms<\/strong><\/figcaption><\/figure>\n<\/div>\n\n\n\n<div class=\"wp-block-column is-layout-flow wp-block-column-is-layout-flow\"><div class=\"wp-block-image\">\n<figure class=\"aligncenter size-full\"><img decoding=\"async\" width=\"529\" height=\"372\" src=\"https:\/\/lettresdepoilus-pays-de-ploermel.fr\/wp-content\/uploads\/2024\/07\/image-190.png\" alt=\"\" class=\"wp-image-5614\" srcset=\"https:\/\/lettresdepoilus-pays-de-ploermel.fr\/wp-content\/uploads\/2024\/07\/image-190.png 529w, https:\/\/lettresdepoilus-pays-de-ploermel.fr\/wp-content\/uploads\/2024\/07\/image-190-300x211.png 300w\" sizes=\"(max-width: 529px) 100vw, 529px\" \/><figcaption class=\"wp-element-caption\"><strong>Unit\u00e9 d&rsquo;artilleurs.<\/strong><\/figcaption><\/figure>\n<\/div><\/div>\n<\/div>\n\n\n\n<div style=\"height:11px\" aria-hidden=\"true\" class=\"wp-block-spacer\"><\/div>\n\n\n\n<div data-wp-interactive=\"core\/file\" class=\"wp-block-file\"><object data-wp-bind--hidden=\"!state.hasPdfPreview\" hidden class=\"wp-block-file__embed\" data=\"https:\/\/lettresdepoilus-pays-de-ploermel.fr\/wp-content\/uploads\/2024\/12\/Historique_du_15e_regiment_dartillerie_._bpt6k6254866t.pdf\" type=\"application\/pdf\" style=\"width:100%;height:600px\" aria-label=\"Contenu embarqu\u00e9 Historique_du_15e_r\u00e9giment_d&apos;artillerie_[...]_bpt6k6254866t.\"><\/object><a id=\"wp-block-file--media-9bfd747e-f142-481a-8c5d-aaaf949e10f0\" href=\"https:\/\/lettresdepoilus-pays-de-ploermel.fr\/wp-content\/uploads\/2024\/12\/Historique_du_15e_regiment_dartillerie_._bpt6k6254866t.pdf\">Historique_du_15e_r\u00e9giment_d&rsquo;artillerie_[&#8230;]_bpt6k6254866t<\/a><a href=\"https:\/\/lettresdepoilus-pays-de-ploermel.fr\/wp-content\/uploads\/2024\/12\/Historique_du_15e_regiment_dartillerie_._bpt6k6254866t.pdf\" class=\"wp-block-file__button wp-element-button\" download aria-describedby=\"wp-block-file--media-9bfd747e-f142-481a-8c5d-aaaf949e10f0\">T\u00e9l\u00e9charger<\/a><\/div>\n","protected":false},"excerpt":{"rendered":"<p>Eug\u00e8ne Marie Mathurin GICQUEL est n\u00e9 le 16 mai 1883 \u00e0 M\u00e9n\u00e9ac (Morbihan) et est d\u00e9c\u00e9d\u00e9 le 5 octobre 1918 \u00e0 Urb\u00e8s (Haut Rhin) Fils de Joseph Fran\u00e7ois Marie GICQUEL et Claire Eug\u00e9nie Jeanne Marie ROUXEL. C\u00e9libataire. Il \u00e9tait incorpor\u00e9 au 15\u00e8me R\u00e9giment d&rsquo;Artillerie.<\/p>\n","protected":false},"author":1,"featured_media":0,"comment_status":"closed","ping_status":"closed","sticky":false,"template":"","format":"standard","meta":{"iawp_total_views":1,"footnotes":""},"categories":[45],"tags":[76],"class_list":["post-9694","post","type-post","status-publish","format-standard","hentry","category--portraits","tag-meneac"],"acf":[],"_links":{"self":[{"href":"https:\/\/lettresdepoilus-pays-de-ploermel.fr\/index.php\/wp-json\/wp\/v2\/posts\/9694","targetHints":{"allow":["GET"]}}],"collection":[{"href":"https:\/\/lettresdepoilus-pays-de-ploermel.fr\/index.php\/wp-json\/wp\/v2\/posts"}],"about":[{"href":"https:\/\/lettresdepoilus-pays-de-ploermel.fr\/index.php\/wp-json\/wp\/v2\/types\/post"}],"author":[{"embeddable":true,"href":"https:\/\/lettresdepoilus-pays-de-ploermel.fr\/index.php\/wp-json\/wp\/v2\/users\/1"}],"replies":[{"embeddable":true,"href":"https:\/\/lettresdepoilus-pays-de-ploermel.fr\/index.php\/wp-json\/wp\/v2\/comments?post=9694"}],"version-history":[{"count":5,"href":"https:\/\/lettresdepoilus-pays-de-ploermel.fr\/index.php\/wp-json\/wp\/v2\/posts\/9694\/revisions"}],"predecessor-version":[{"id":13167,"href":"https:\/\/lettresdepoilus-pays-de-ploermel.fr\/index.php\/wp-json\/wp\/v2\/posts\/9694\/revisions\/13167"}],"wp:attachment":[{"href":"https:\/\/lettresdepoilus-pays-de-ploermel.fr\/index.php\/wp-json\/wp\/v2\/media?parent=9694"}],"wp:term":[{"taxonomy":"category","embeddable":true,"href":"https:\/\/lettresdepoilus-pays-de-ploermel.fr\/index.php\/wp-json\/wp\/v2\/categories?post=9694"},{"taxonomy":"post_tag","embeddable":true,"href":"https:\/\/lettresdepoilus-pays-de-ploermel.fr\/index.php\/wp-json\/wp\/v2\/tags?post=9694"}],"curies":[{"name":"wp","href":"https:\/\/api.w.org\/{rel}","templated":true}]}}