{"id":9676,"date":"2024-12-09T18:33:17","date_gmt":"2024-12-09T17:33:17","guid":{"rendered":"https:\/\/lettresdepoilus-pays-de-ploermel.fr\/?p=9676"},"modified":"2024-12-25T19:09:45","modified_gmt":"2024-12-25T18:09:45","slug":"jean-gaudaire","status":"publish","type":"post","link":"https:\/\/lettresdepoilus-pays-de-ploermel.fr\/index.php\/2024\/12\/09\/jean-gaudaire\/","title":{"rendered":"Jean GAUDAIRE"},"content":{"rendered":"\n<p>Jean Baptiste Pierre GAUDAIRE est n\u00e9 le 25 ao\u00fbt 1885 \u00e0 M\u00e9n\u00e9ac (Morbihan) et est d\u00e9c\u00e9d\u00e9 le 18 mars 1915 aux \u00c9parges (Meuse) Fils de Joseph et Marie CHASSEBOEUF. C\u00e9libataire.<\/p>\n\n\n\n<p>Il \u00e9tait incorpor\u00e9 au 106\u00e8me R\u00e9giment d\u2019Infanterie.<\/p>\n\n\n\n<figure class=\"wp-block-image\"><a href=\"https:\/\/memorial19141918.wordpress.com\/category\/106-ri\/\" target=\"_blank\" rel=\"noreferrer noopener\"><img fetchpriority=\"high\" decoding=\"async\" width=\"940\" height=\"198\" src=\"https:\/\/lettresdepoilus-pays-de-ploermel.fr\/wp-content\/uploads\/2024\/07\/image-71.png\" alt=\"\" class=\"wp-image-4514\" srcset=\"https:\/\/lettresdepoilus-pays-de-ploermel.fr\/wp-content\/uploads\/2024\/07\/image-71.png 940w, https:\/\/lettresdepoilus-pays-de-ploermel.fr\/wp-content\/uploads\/2024\/07\/image-71-300x63.png 300w, https:\/\/lettresdepoilus-pays-de-ploermel.fr\/wp-content\/uploads\/2024\/07\/image-71-768x162.png 768w\" sizes=\"(max-width: 940px) 100vw, 940px\" \/><\/a><\/figure>\n\n\n\n<p class=\"has-text-align-center\">Historique du 106\u00e8me R\u00e9giment d\u2019Infanterie<\/p>\n\n\n\n<p><\/p>\n\n\n\n<p><\/p>\n","protected":false},"excerpt":{"rendered":"<p>Jean Baptiste Pierre GAUDAIRE est n\u00e9 le 25 ao\u00fbt 1885 \u00e0 M\u00e9n\u00e9ac (Morbihan) et est d\u00e9c\u00e9d\u00e9 le 18 mars 1915 aux \u00c9parges (Meuse) Fils de Joseph et Marie CHASSEBOEUF. C\u00e9libataire. Il \u00e9tait incorpor\u00e9 au 106\u00e8me R\u00e9giment d\u2019Infanterie. Historique du 106\u00e8me R\u00e9giment d\u2019Infanterie<\/p>\n","protected":false},"author":1,"featured_media":0,"comment_status":"closed","ping_status":"closed","sticky":false,"template":"","format":"standard","meta":{"iawp_total_views":1,"footnotes":""},"categories":[45],"tags":[76],"class_list":["post-9676","post","type-post","status-publish","format-standard","hentry","category--portraits","tag-meneac"],"acf":[],"_links":{"self":[{"href":"https:\/\/lettresdepoilus-pays-de-ploermel.fr\/index.php\/wp-json\/wp\/v2\/posts\/9676","targetHints":{"allow":["GET"]}}],"collection":[{"href":"https:\/\/lettresdepoilus-pays-de-ploermel.fr\/index.php\/wp-json\/wp\/v2\/posts"}],"about":[{"href":"https:\/\/lettresdepoilus-pays-de-ploermel.fr\/index.php\/wp-json\/wp\/v2\/types\/post"}],"author":[{"embeddable":true,"href":"https:\/\/lettresdepoilus-pays-de-ploermel.fr\/index.php\/wp-json\/wp\/v2\/users\/1"}],"replies":[{"embeddable":true,"href":"https:\/\/lettresdepoilus-pays-de-ploermel.fr\/index.php\/wp-json\/wp\/v2\/comments?post=9676"}],"version-history":[{"count":3,"href":"https:\/\/lettresdepoilus-pays-de-ploermel.fr\/index.php\/wp-json\/wp\/v2\/posts\/9676\/revisions"}],"predecessor-version":[{"id":11106,"href":"https:\/\/lettresdepoilus-pays-de-ploermel.fr\/index.php\/wp-json\/wp\/v2\/posts\/9676\/revisions\/11106"}],"wp:attachment":[{"href":"https:\/\/lettresdepoilus-pays-de-ploermel.fr\/index.php\/wp-json\/wp\/v2\/media?parent=9676"}],"wp:term":[{"taxonomy":"category","embeddable":true,"href":"https:\/\/lettresdepoilus-pays-de-ploermel.fr\/index.php\/wp-json\/wp\/v2\/categories?post=9676"},{"taxonomy":"post_tag","embeddable":true,"href":"https:\/\/lettresdepoilus-pays-de-ploermel.fr\/index.php\/wp-json\/wp\/v2\/tags?post=9676"}],"curies":[{"name":"wp","href":"https:\/\/api.w.org\/{rel}","templated":true}]}}