{"id":9639,"date":"2024-12-09T15:19:54","date_gmt":"2024-12-09T14:19:54","guid":{"rendered":"https:\/\/lettresdepoilus-pays-de-ploermel.fr\/?p=9639"},"modified":"2025-02-07T12:08:05","modified_gmt":"2025-02-07T11:08:05","slug":"arsene-taillebois","status":"publish","type":"post","link":"https:\/\/lettresdepoilus-pays-de-ploermel.fr\/index.php\/2024\/12\/09\/arsene-taillebois\/","title":{"rendered":"Ars\u00e8ne TAILLEBOIS"},"content":{"rendered":"\n<p>Ars\u00e8ne Victor TAILLEBOIS est n\u00e9 le 14 d\u00e9cembre 1892 \u00e0 M\u00e9n\u00e9ac (Morbihan) et est d\u00e9c\u00e9d\u00e9 le 1er septembre 1915 \u00e0 Mesnil les Hurlus (Marne) Fils de Pierre Marie TAILLEBOIS et Rosalie Marie PORTIER. C\u00e9libataire.<\/p>\n\n\n\n<p class=\"has-text-align-center\">Il \u00e9tait incorpor\u00e9 au 62\u00e8me R\u00e9giment d&rsquo;Infanterie.<\/p>\n\n\n\n<p>Le 62\u00e8me R.I a particuli\u00e8rement connu des jours tr\u00e8s meurtriers, notamment lors de l&rsquo;attaque de TAHURE.<\/p>\n\n\n\n<div class=\"wp-block-columns is-layout-flex wp-container-core-columns-is-layout-9d6595d7 wp-block-columns-is-layout-flex\">\n<div class=\"wp-block-column is-layout-flow wp-block-column-is-layout-flow\" style=\"flex-basis:33.33%\"><div class=\"wp-block-image\">\n<figure class=\"aligncenter size-full is-resized\"><a href=\"https:\/\/argonnaute.parisnanterre.fr\/ark:\/14707\/cd412g7l3wnk\/a210360b-00b0-404a-8eaa-6e5f368706ab\" target=\"_blank\" rel=\"noreferrer noopener\"><img fetchpriority=\"high\" decoding=\"async\" width=\"435\" height=\"715\" src=\"https:\/\/lettresdepoilus-pays-de-ploermel.fr\/wp-content\/uploads\/2024\/04\/image-38.png\" alt=\"\" class=\"wp-image-2680\" style=\"width:192px;height:auto\" srcset=\"https:\/\/lettresdepoilus-pays-de-ploermel.fr\/wp-content\/uploads\/2024\/04\/image-38.png 435w, https:\/\/lettresdepoilus-pays-de-ploermel.fr\/wp-content\/uploads\/2024\/04\/image-38-183x300.png 183w\" sizes=\"(max-width: 435px) 100vw, 435px\" \/><\/a><figcaption class=\"wp-element-caption\">Cliquez sur le livre pour lire l&rsquo;historique du 62\u00e8me R.I<\/figcaption><\/figure>\n<\/div><\/div>\n\n\n\n<div class=\"wp-block-column is-layout-flow wp-block-column-is-layout-flow\" style=\"flex-basis:66.66%\"><div class=\"wp-block-image\">\n<figure class=\"aligncenter size-full is-resized\"><img decoding=\"async\" width=\"299\" height=\"204\" src=\"https:\/\/lettresdepoilus-pays-de-ploermel.fr\/wp-content\/uploads\/2024\/04\/ri_62e_9e_escouade_du_62e_ri_en_alsace.jpg\" alt=\"\" class=\"wp-image-2681\" style=\"width:462px;height:auto\"\/><figcaption class=\"wp-element-caption\">Escouade de Morbihannais du 62\u00e8me R.I<\/figcaption><\/figure>\n<\/div><\/div>\n<\/div>\n","protected":false},"excerpt":{"rendered":"<p>Ars\u00e8ne Victor TAILLEBOIS est n\u00e9 le 14 d\u00e9cembre 1892 \u00e0 M\u00e9n\u00e9ac (Morbihan) et est d\u00e9c\u00e9d\u00e9 le 1er septembre 1915 \u00e0 Mesnil les Hurlus (Marne) Fils de Pierre Marie TAILLEBOIS et Rosalie Marie PORTIER. C\u00e9libataire. Il \u00e9tait incorpor\u00e9 au 62\u00e8me R\u00e9giment d&rsquo;Infanterie. Le 62\u00e8me R.I a particuli\u00e8rement connu des jours tr\u00e8s meurtriers, notamment lors de l&rsquo;attaque de TAHURE.<\/p>\n","protected":false},"author":1,"featured_media":0,"comment_status":"closed","ping_status":"closed","sticky":false,"template":"","format":"standard","meta":{"iawp_total_views":1,"footnotes":""},"categories":[45],"tags":[76],"class_list":["post-9639","post","type-post","status-publish","format-standard","hentry","category--portraits","tag-meneac"],"acf":[],"_links":{"self":[{"href":"https:\/\/lettresdepoilus-pays-de-ploermel.fr\/index.php\/wp-json\/wp\/v2\/posts\/9639","targetHints":{"allow":["GET"]}}],"collection":[{"href":"https:\/\/lettresdepoilus-pays-de-ploermel.fr\/index.php\/wp-json\/wp\/v2\/posts"}],"about":[{"href":"https:\/\/lettresdepoilus-pays-de-ploermel.fr\/index.php\/wp-json\/wp\/v2\/types\/post"}],"author":[{"embeddable":true,"href":"https:\/\/lettresdepoilus-pays-de-ploermel.fr\/index.php\/wp-json\/wp\/v2\/users\/1"}],"replies":[{"embeddable":true,"href":"https:\/\/lettresdepoilus-pays-de-ploermel.fr\/index.php\/wp-json\/wp\/v2\/comments?post=9639"}],"version-history":[{"count":3,"href":"https:\/\/lettresdepoilus-pays-de-ploermel.fr\/index.php\/wp-json\/wp\/v2\/posts\/9639\/revisions"}],"predecessor-version":[{"id":13121,"href":"https:\/\/lettresdepoilus-pays-de-ploermel.fr\/index.php\/wp-json\/wp\/v2\/posts\/9639\/revisions\/13121"}],"wp:attachment":[{"href":"https:\/\/lettresdepoilus-pays-de-ploermel.fr\/index.php\/wp-json\/wp\/v2\/media?parent=9639"}],"wp:term":[{"taxonomy":"category","embeddable":true,"href":"https:\/\/lettresdepoilus-pays-de-ploermel.fr\/index.php\/wp-json\/wp\/v2\/categories?post=9639"},{"taxonomy":"post_tag","embeddable":true,"href":"https:\/\/lettresdepoilus-pays-de-ploermel.fr\/index.php\/wp-json\/wp\/v2\/tags?post=9639"}],"curies":[{"name":"wp","href":"https:\/\/api.w.org\/{rel}","templated":true}]}}