{"id":9629,"date":"2024-12-06T19:05:06","date_gmt":"2024-12-06T18:05:06","guid":{"rendered":"https:\/\/lettresdepoilus-pays-de-ploermel.fr\/?p=9629"},"modified":"2025-02-07T15:01:01","modified_gmt":"2025-02-07T14:01:01","slug":"jean-travaille","status":"publish","type":"post","link":"https:\/\/lettresdepoilus-pays-de-ploermel.fr\/index.php\/2024\/12\/06\/jean-travaille\/","title":{"rendered":"Jean TRAVAILLE"},"content":{"rendered":"\n<p>Jean Baptiste (Fran\u00e7ois Marie) TRAVAILLE est n\u00e9 le 14 septembre 1884 \u00e0 M\u00e9n\u00e9ac (Morbihan) D\u00e9c\u00e9d\u00e9 le 27 juin 1916 \u00e0 Fleury (Meuse) Fils de Fran\u00e7ois Marie TRAVAILLE et Anne Marie Louise NOGUES et mari\u00e9 le 25 avril 1912 \u00e0 M\u00e9n\u00e9ac avec Constance Marie Joseph GAULTIER.<\/p>\n\n\n\n<p class=\"has-text-align-center\">Il \u00e9tait incorpor\u00e9 au 241\u00e8me R\u00e9giment d&rsquo;Infanterie.<\/p>\n\n\n\n<p class=\"has-text-align-center\">M\u00e9morial des R\u00e9giments d&rsquo;Infanterie : <a href=\"https:\/\/memorial19141918.wordpress.com\/2024\/05\/20\/241-eme-ri\/\" target=\"_blank\" rel=\"noreferrer noopener\">241\u00e8me R\u00e9giment d&rsquo;Infanterie.<\/a><\/p>\n\n\n<div class=\"wp-block-image\">\n<figure class=\"aligncenter size-full\"><img fetchpriority=\"high\" decoding=\"async\" width=\"700\" height=\"587\" src=\"https:\/\/lettresdepoilus-pays-de-ploermel.fr\/wp-content\/uploads\/2024\/09\/image-2.png\" alt=\"\" class=\"wp-image-6803\" srcset=\"https:\/\/lettresdepoilus-pays-de-ploermel.fr\/wp-content\/uploads\/2024\/09\/image-2.png 700w, https:\/\/lettresdepoilus-pays-de-ploermel.fr\/wp-content\/uploads\/2024\/09\/image-2-300x252.png 300w\" sizes=\"(max-width: 700px) 100vw, 700px\" \/><\/figure>\n<\/div>\n\n\n<p class=\"has-text-align-center\"><\/p>\n\n\n<div class=\"wp-block-image\">\n<figure class=\"aligncenter size-full is-resized\"><a href=\"https:\/\/argonnaute.parisnanterre.fr\/ark:\/14707\/mshrz6fln40c\/871c0dca-6159-4d98-a9b5-94f0865ccab4\" target=\"_blank\" rel=\"noreferrer noopener\"><img decoding=\"async\" width=\"447\" height=\"711\" src=\"https:\/\/lettresdepoilus-pays-de-ploermel.fr\/wp-content\/uploads\/2024\/07\/image-19.png\" alt=\"\" class=\"wp-image-4014\" style=\"width:216px;height:auto\" srcset=\"https:\/\/lettresdepoilus-pays-de-ploermel.fr\/wp-content\/uploads\/2024\/07\/image-19.png 447w, https:\/\/lettresdepoilus-pays-de-ploermel.fr\/wp-content\/uploads\/2024\/07\/image-19-189x300.png 189w\" sizes=\"(max-width: 447px) 100vw, 447px\" \/><\/a><figcaption class=\"wp-element-caption\"><em>Biblioth\u00e8que num\u00e9rique de la contemporaine<\/em><\/figcaption><\/figure>\n<\/div>","protected":false},"excerpt":{"rendered":"<p>Jean Baptiste (Fran\u00e7ois Marie) TRAVAILLE est n\u00e9 le 14 septembre 1884 \u00e0 M\u00e9n\u00e9ac (Morbihan) D\u00e9c\u00e9d\u00e9 le 27 juin 1916 \u00e0 Fleury (Meuse) Fils de Fran\u00e7ois Marie TRAVAILLE et Anne Marie Louise NOGUES et mari\u00e9 le 25 avril 1912 \u00e0 M\u00e9n\u00e9ac avec Constance Marie Joseph GAULTIER. Il \u00e9tait incorpor\u00e9 au 241\u00e8me R\u00e9giment d&rsquo;Infanterie. M\u00e9morial des R\u00e9giments d&rsquo;Infanterie : 241\u00e8me R\u00e9giment d&rsquo;Infanterie.<\/p>\n","protected":false},"author":1,"featured_media":0,"comment_status":"closed","ping_status":"closed","sticky":false,"template":"","format":"standard","meta":{"iawp_total_views":2,"footnotes":""},"categories":[45],"tags":[76],"class_list":["post-9629","post","type-post","status-publish","format-standard","hentry","category--portraits","tag-meneac"],"acf":[],"_links":{"self":[{"href":"https:\/\/lettresdepoilus-pays-de-ploermel.fr\/index.php\/wp-json\/wp\/v2\/posts\/9629","targetHints":{"allow":["GET"]}}],"collection":[{"href":"https:\/\/lettresdepoilus-pays-de-ploermel.fr\/index.php\/wp-json\/wp\/v2\/posts"}],"about":[{"href":"https:\/\/lettresdepoilus-pays-de-ploermel.fr\/index.php\/wp-json\/wp\/v2\/types\/post"}],"author":[{"embeddable":true,"href":"https:\/\/lettresdepoilus-pays-de-ploermel.fr\/index.php\/wp-json\/wp\/v2\/users\/1"}],"replies":[{"embeddable":true,"href":"https:\/\/lettresdepoilus-pays-de-ploermel.fr\/index.php\/wp-json\/wp\/v2\/comments?post=9629"}],"version-history":[{"count":3,"href":"https:\/\/lettresdepoilus-pays-de-ploermel.fr\/index.php\/wp-json\/wp\/v2\/posts\/9629\/revisions"}],"predecessor-version":[{"id":13138,"href":"https:\/\/lettresdepoilus-pays-de-ploermel.fr\/index.php\/wp-json\/wp\/v2\/posts\/9629\/revisions\/13138"}],"wp:attachment":[{"href":"https:\/\/lettresdepoilus-pays-de-ploermel.fr\/index.php\/wp-json\/wp\/v2\/media?parent=9629"}],"wp:term":[{"taxonomy":"category","embeddable":true,"href":"https:\/\/lettresdepoilus-pays-de-ploermel.fr\/index.php\/wp-json\/wp\/v2\/categories?post=9629"},{"taxonomy":"post_tag","embeddable":true,"href":"https:\/\/lettresdepoilus-pays-de-ploermel.fr\/index.php\/wp-json\/wp\/v2\/tags?post=9629"}],"curies":[{"name":"wp","href":"https:\/\/api.w.org\/{rel}","templated":true}]}}