{"id":9580,"date":"2024-12-05T14:16:12","date_gmt":"2024-12-05T13:16:12","guid":{"rendered":"https:\/\/lettresdepoilus-pays-de-ploermel.fr\/?p=9580"},"modified":"2025-02-07T15:41:38","modified_gmt":"2025-02-07T14:41:38","slug":"louis-dauguet","status":"publish","type":"post","link":"https:\/\/lettresdepoilus-pays-de-ploermel.fr\/index.php\/2024\/12\/05\/louis-dauguet\/","title":{"rendered":"Louis DAUGUET"},"content":{"rendered":"\n<p>Louis Marie DAUGUET est n\u00e9 le 3 d\u00e9cembre 1889 \u00e0 M\u00e9n\u00e9ac (Morbihan) et est d\u00e9c\u00e9d\u00e9 le 31 ao\u00fbt 1918 \u00e0 Folembray (Aisne) Fils de Louis Mathurin DAUGUET et Marie Fran\u00e7oise URVOY. C\u00e9libataire.<\/p>\n\n\n\n<p>Il \u00e9tait incorpor\u00e9 au 9\u00e8me R\u00e9giment de Tirailleurs.<\/p>\n\n\n\n<div data-wp-interactive=\"core\/file\" class=\"wp-block-file\"><object data-wp-bind--hidden=\"!state.hasPdfPreview\" hidden class=\"wp-block-file__embed\" data=\"https:\/\/lettresdepoilus-pays-de-ploermel.fr\/wp-content\/uploads\/2024\/12\/Historique_du_9e_regiment_de_._bpt6k6281295c.pdf\" type=\"application\/pdf\" style=\"width:100%;height:200px\" aria-label=\"Contenu embarqu\u00e9 Historique_du_9e_r\u00e9giment_de_[...]_bpt6k6281295c.\"><\/object><a id=\"wp-block-file--media-aee89750-060a-4f74-a0bd-df9da4a0830a\" href=\"https:\/\/lettresdepoilus-pays-de-ploermel.fr\/wp-content\/uploads\/2024\/12\/Historique_du_9e_regiment_de_._bpt6k6281295c.pdf\">Historique_du_9e_r\u00e9giment_de_[&#8230;]_bpt6k6281295c<\/a><a href=\"https:\/\/lettresdepoilus-pays-de-ploermel.fr\/wp-content\/uploads\/2024\/12\/Historique_du_9e_regiment_de_._bpt6k6281295c.pdf\" class=\"wp-block-file__button wp-element-button\" download aria-describedby=\"wp-block-file--media-aee89750-060a-4f74-a0bd-df9da4a0830a\">T\u00e9l\u00e9charger<\/a><\/div>\n\n\n\n<p><\/p>\n","protected":false},"excerpt":{"rendered":"<p>Louis Marie DAUGUET est n\u00e9 le 3 d\u00e9cembre 1889 \u00e0 M\u00e9n\u00e9ac (Morbihan) et est d\u00e9c\u00e9d\u00e9 le 31 ao\u00fbt 1918 \u00e0 Folembray (Aisne) Fils de Louis Mathurin DAUGUET et Marie Fran\u00e7oise URVOY. C\u00e9libataire. Il \u00e9tait incorpor\u00e9 au 9\u00e8me R\u00e9giment de Tirailleurs.<\/p>\n","protected":false},"author":1,"featured_media":0,"comment_status":"closed","ping_status":"closed","sticky":false,"template":"","format":"standard","meta":{"iawp_total_views":1,"footnotes":""},"categories":[45],"tags":[76],"class_list":["post-9580","post","type-post","status-publish","format-standard","hentry","category--portraits","tag-meneac"],"acf":[],"_links":{"self":[{"href":"https:\/\/lettresdepoilus-pays-de-ploermel.fr\/index.php\/wp-json\/wp\/v2\/posts\/9580","targetHints":{"allow":["GET"]}}],"collection":[{"href":"https:\/\/lettresdepoilus-pays-de-ploermel.fr\/index.php\/wp-json\/wp\/v2\/posts"}],"about":[{"href":"https:\/\/lettresdepoilus-pays-de-ploermel.fr\/index.php\/wp-json\/wp\/v2\/types\/post"}],"author":[{"embeddable":true,"href":"https:\/\/lettresdepoilus-pays-de-ploermel.fr\/index.php\/wp-json\/wp\/v2\/users\/1"}],"replies":[{"embeddable":true,"href":"https:\/\/lettresdepoilus-pays-de-ploermel.fr\/index.php\/wp-json\/wp\/v2\/comments?post=9580"}],"version-history":[{"count":4,"href":"https:\/\/lettresdepoilus-pays-de-ploermel.fr\/index.php\/wp-json\/wp\/v2\/posts\/9580\/revisions"}],"predecessor-version":[{"id":13157,"href":"https:\/\/lettresdepoilus-pays-de-ploermel.fr\/index.php\/wp-json\/wp\/v2\/posts\/9580\/revisions\/13157"}],"wp:attachment":[{"href":"https:\/\/lettresdepoilus-pays-de-ploermel.fr\/index.php\/wp-json\/wp\/v2\/media?parent=9580"}],"wp:term":[{"taxonomy":"category","embeddable":true,"href":"https:\/\/lettresdepoilus-pays-de-ploermel.fr\/index.php\/wp-json\/wp\/v2\/categories?post=9580"},{"taxonomy":"post_tag","embeddable":true,"href":"https:\/\/lettresdepoilus-pays-de-ploermel.fr\/index.php\/wp-json\/wp\/v2\/tags?post=9580"}],"curies":[{"name":"wp","href":"https:\/\/api.w.org\/{rel}","templated":true}]}}