{"id":9535,"date":"2024-12-04T19:32:02","date_gmt":"2024-12-04T18:32:02","guid":{"rendered":"https:\/\/lettresdepoilus-pays-de-ploermel.fr\/?p=9535"},"modified":"2025-02-06T19:31:30","modified_gmt":"2025-02-06T18:31:30","slug":"joseph-collette","status":"publish","type":"post","link":"https:\/\/lettresdepoilus-pays-de-ploermel.fr\/index.php\/2024\/12\/04\/joseph-collette\/","title":{"rendered":"Joseph COLLETTE"},"content":{"rendered":"\n<p>Joseph Marie COLLETTE est n\u00e9 le 25 d\u00e9cembre 1894 \u00e0 M\u00e9n\u00e9ac (Morbihan) et est d\u00e9c\u00e9d\u00e9 le 3 novembre 1916 \u00e0 Vaux Damloup (Meuse) Fils de Joseph COLLETTE et Marie Joseph URVOY. C\u00e9libataire.<\/p>\n\n\n\n<p>Il \u00e9tait incorpor\u00e9 au 62\u00e8me R\u00e9giment d&rsquo;Infanterie.<\/p>\n\n\n\n<p>Le 62\u00e8me R.I a particuli\u00e8rement connu des jours tr\u00e8s meurtriers, notamment lors de l\u2019attaque de TAHURE.<\/p>\n\n\n<div class=\"wp-block-image\">\n<figure class=\"aligncenter is-resized\"><a href=\"https:\/\/argonnaute.parisnanterre.fr\/ark:\/14707\/cd412g7l3wnk\/a210360b-00b0-404a-8eaa-6e5f368706ab\" target=\"_blank\" rel=\"noreferrer noopener\"><img fetchpriority=\"high\" decoding=\"async\" width=\"435\" height=\"715\" src=\"https:\/\/lettresdepoilus-pays-de-ploermel.fr\/wp-content\/uploads\/2024\/04\/image-38.png\" alt=\"\" class=\"wp-image-2680\" style=\"width:293px;height:auto\" srcset=\"https:\/\/lettresdepoilus-pays-de-ploermel.fr\/wp-content\/uploads\/2024\/04\/image-38.png 435w, https:\/\/lettresdepoilus-pays-de-ploermel.fr\/wp-content\/uploads\/2024\/04\/image-38-183x300.png 183w\" sizes=\"(max-width: 435px) 100vw, 435px\" \/><\/a><figcaption class=\"wp-element-caption\"><strong>Cliquez sur le livre pour lire l\u2019historique du 62\u00e8me R.I<\/strong><\/figcaption><\/figure>\n<\/div>\n\n\n<figure class=\"wp-block-image\"><img decoding=\"async\" width=\"299\" height=\"204\" src=\"https:\/\/lettresdepoilus-pays-de-ploermel.fr\/wp-content\/uploads\/2024\/04\/ri_62e_9e_escouade_du_62e_ri_en_alsace.jpg\" alt=\"\" class=\"wp-image-2681\"\/><figcaption class=\"wp-element-caption\"><strong>Escouade de Morbihannais du 62\u00e8me R.I<\/strong><\/figcaption><\/figure>\n\n\n\n<p><\/p>\n","protected":false},"excerpt":{"rendered":"<p>Joseph Marie COLLETTE est n\u00e9 le 25 d\u00e9cembre 1894 \u00e0 M\u00e9n\u00e9ac (Morbihan) et est d\u00e9c\u00e9d\u00e9 le 3 novembre 1916 \u00e0 Vaux Damloup (Meuse) Fils de Joseph COLLETTE et Marie Joseph URVOY. C\u00e9libataire. Il \u00e9tait incorpor\u00e9 au 62\u00e8me R\u00e9giment d&rsquo;Infanterie. Le 62\u00e8me R.I a particuli\u00e8rement connu des jours tr\u00e8s meurtriers, notamment lors de l\u2019attaque de TAHURE.<\/p>\n","protected":false},"author":1,"featured_media":0,"comment_status":"closed","ping_status":"closed","sticky":false,"template":"","format":"standard","meta":{"iawp_total_views":1,"footnotes":""},"categories":[45],"tags":[76],"class_list":["post-9535","post","type-post","status-publish","format-standard","hentry","category--portraits","tag-meneac"],"acf":[],"_links":{"self":[{"href":"https:\/\/lettresdepoilus-pays-de-ploermel.fr\/index.php\/wp-json\/wp\/v2\/posts\/9535","targetHints":{"allow":["GET"]}}],"collection":[{"href":"https:\/\/lettresdepoilus-pays-de-ploermel.fr\/index.php\/wp-json\/wp\/v2\/posts"}],"about":[{"href":"https:\/\/lettresdepoilus-pays-de-ploermel.fr\/index.php\/wp-json\/wp\/v2\/types\/post"}],"author":[{"embeddable":true,"href":"https:\/\/lettresdepoilus-pays-de-ploermel.fr\/index.php\/wp-json\/wp\/v2\/users\/1"}],"replies":[{"embeddable":true,"href":"https:\/\/lettresdepoilus-pays-de-ploermel.fr\/index.php\/wp-json\/wp\/v2\/comments?post=9535"}],"version-history":[{"count":4,"href":"https:\/\/lettresdepoilus-pays-de-ploermel.fr\/index.php\/wp-json\/wp\/v2\/posts\/9535\/revisions"}],"predecessor-version":[{"id":13020,"href":"https:\/\/lettresdepoilus-pays-de-ploermel.fr\/index.php\/wp-json\/wp\/v2\/posts\/9535\/revisions\/13020"}],"wp:attachment":[{"href":"https:\/\/lettresdepoilus-pays-de-ploermel.fr\/index.php\/wp-json\/wp\/v2\/media?parent=9535"}],"wp:term":[{"taxonomy":"category","embeddable":true,"href":"https:\/\/lettresdepoilus-pays-de-ploermel.fr\/index.php\/wp-json\/wp\/v2\/categories?post=9535"},{"taxonomy":"post_tag","embeddable":true,"href":"https:\/\/lettresdepoilus-pays-de-ploermel.fr\/index.php\/wp-json\/wp\/v2\/tags?post=9535"}],"curies":[{"name":"wp","href":"https:\/\/api.w.org\/{rel}","templated":true}]}}