{"id":9462,"date":"2024-12-03T19:05:01","date_gmt":"2024-12-03T18:05:01","guid":{"rendered":"https:\/\/lettresdepoilus-pays-de-ploermel.fr\/?p=9462"},"modified":"2025-02-06T19:19:50","modified_gmt":"2025-02-06T18:19:50","slug":"eugene-belot","status":"publish","type":"post","link":"https:\/\/lettresdepoilus-pays-de-ploermel.fr\/index.php\/2024\/12\/03\/eugene-belot\/","title":{"rendered":"Eug\u00e8ne BELOT"},"content":{"rendered":"\n<p>Eug\u00e8ne Fran\u00e7ois Marie BELOT est n\u00e9 le 28 juillet 1897 \u00e0 M\u00e9n\u00e9ac (Morbihan) et est d\u00e9c\u00e9d\u00e9 le 10 mai 1917 pr\u00e8s de Chevreuse (Aisne) Fils de Fran\u00e7ois BELOT et Constance Marie Joseph BUREL. C\u00e9libataire.<\/p>\n\n\n\n<p>Il n&rsquo;avait pas 20 ans&#8230;<\/p>\n\n\n\n<p>Il \u00e9tait incorpor\u00e9 au 66\u00e8me R\u00e9giment d&rsquo;Infanterie, le six-six.<\/p>\n\n\n\n<figure class=\"wp-block-image\"><img fetchpriority=\"high\" decoding=\"async\" width=\"652\" height=\"427\" src=\"https:\/\/lettresdepoilus-pays-de-ploermel.fr\/wp-content\/uploads\/2024\/09\/image-43.png\" alt=\"\" class=\"wp-image-7554\" srcset=\"https:\/\/lettresdepoilus-pays-de-ploermel.fr\/wp-content\/uploads\/2024\/09\/image-43.png 652w, https:\/\/lettresdepoilus-pays-de-ploermel.fr\/wp-content\/uploads\/2024\/09\/image-43-300x196.png 300w\" sizes=\"(max-width: 652px) 100vw, 652px\" \/><\/figure>\n\n\n\n<p><a href=\"https:\/\/memorial19141918.wordpress.com\/2023\/06\/20\/66eme-ri\/\" rel=\"noreferrer noopener\" target=\"_blank\">Historique du six-six<\/a> <\/p>\n\n\n\n<p><\/p>\n","protected":false},"excerpt":{"rendered":"<p>Eug\u00e8ne Fran\u00e7ois Marie BELOT est n\u00e9 le 28 juillet 1897 \u00e0 M\u00e9n\u00e9ac (Morbihan) et est d\u00e9c\u00e9d\u00e9 le 10 mai 1917 pr\u00e8s de Chevreuse (Aisne) Fils de Fran\u00e7ois BELOT et Constance Marie Joseph BUREL. C\u00e9libataire. Il n&rsquo;avait pas 20 ans&#8230; Il \u00e9tait incorpor\u00e9 au 66\u00e8me R\u00e9giment d&rsquo;Infanterie, le six-six. Historique du six-six<\/p>\n","protected":false},"author":1,"featured_media":0,"comment_status":"closed","ping_status":"closed","sticky":false,"template":"","format":"standard","meta":{"iawp_total_views":1,"footnotes":""},"categories":[45],"tags":[76],"class_list":["post-9462","post","type-post","status-publish","format-standard","hentry","category--portraits","tag-meneac"],"acf":[],"_links":{"self":[{"href":"https:\/\/lettresdepoilus-pays-de-ploermel.fr\/index.php\/wp-json\/wp\/v2\/posts\/9462","targetHints":{"allow":["GET"]}}],"collection":[{"href":"https:\/\/lettresdepoilus-pays-de-ploermel.fr\/index.php\/wp-json\/wp\/v2\/posts"}],"about":[{"href":"https:\/\/lettresdepoilus-pays-de-ploermel.fr\/index.php\/wp-json\/wp\/v2\/types\/post"}],"author":[{"embeddable":true,"href":"https:\/\/lettresdepoilus-pays-de-ploermel.fr\/index.php\/wp-json\/wp\/v2\/users\/1"}],"replies":[{"embeddable":true,"href":"https:\/\/lettresdepoilus-pays-de-ploermel.fr\/index.php\/wp-json\/wp\/v2\/comments?post=9462"}],"version-history":[{"count":3,"href":"https:\/\/lettresdepoilus-pays-de-ploermel.fr\/index.php\/wp-json\/wp\/v2\/posts\/9462\/revisions"}],"predecessor-version":[{"id":13011,"href":"https:\/\/lettresdepoilus-pays-de-ploermel.fr\/index.php\/wp-json\/wp\/v2\/posts\/9462\/revisions\/13011"}],"wp:attachment":[{"href":"https:\/\/lettresdepoilus-pays-de-ploermel.fr\/index.php\/wp-json\/wp\/v2\/media?parent=9462"}],"wp:term":[{"taxonomy":"category","embeddable":true,"href":"https:\/\/lettresdepoilus-pays-de-ploermel.fr\/index.php\/wp-json\/wp\/v2\/categories?post=9462"},{"taxonomy":"post_tag","embeddable":true,"href":"https:\/\/lettresdepoilus-pays-de-ploermel.fr\/index.php\/wp-json\/wp\/v2\/tags?post=9462"}],"curies":[{"name":"wp","href":"https:\/\/api.w.org\/{rel}","templated":true}]}}