{"id":9458,"date":"2024-12-03T21:55:42","date_gmt":"2024-12-03T20:55:42","guid":{"rendered":"https:\/\/lettresdepoilus-pays-de-ploermel.fr\/?p=9458"},"modified":"2025-02-06T19:18:56","modified_gmt":"2025-02-06T18:18:56","slug":"jean-barbe","status":"publish","type":"post","link":"https:\/\/lettresdepoilus-pays-de-ploermel.fr\/index.php\/2024\/12\/03\/jean-barbe\/","title":{"rendered":"Jean BARB\u00c9"},"content":{"rendered":"\n<p>Jean Baptiste BARB\u00c9 est ne le 5 septembre 1897 \u00e0 M\u00e9n\u00e9ac (Morbihan) et est d\u00e9c\u00e9d\u00e9 le 2 septembre 1917 \u00e0 Jumigny (Aisne) Fils de Jean Mathurin Marie BARBE et Julienne Marie ALLAIN. C\u00e9libataire.<\/p>\n\n\n\n<p> Il \u00e9tait incorpor\u00e9 au 110\u00e8me R\u00e9giment d&rsquo;Artillerie Lourde avec le grade de 2\u00e8me canonnier conducteur. <\/p>\n\n\n\n<div class=\"wp-block-columns is-layout-flex wp-container-core-columns-is-layout-9d6595d7 wp-block-columns-is-layout-flex\">\n<div class=\"wp-block-column is-layout-flow wp-block-column-is-layout-flow\">\n<figure class=\"wp-block-image size-full is-resized\"><img fetchpriority=\"high\" decoding=\"async\" width=\"492\" height=\"353\" src=\"https:\/\/lettresdepoilus-pays-de-ploermel.fr\/wp-content\/uploads\/2024\/08\/image-23.png\" alt=\"\" class=\"wp-image-6251\" style=\"width:404px;height:auto\" srcset=\"https:\/\/lettresdepoilus-pays-de-ploermel.fr\/wp-content\/uploads\/2024\/08\/image-23.png 492w, https:\/\/lettresdepoilus-pays-de-ploermel.fr\/wp-content\/uploads\/2024\/08\/image-23-300x215.png 300w\" sizes=\"(max-width: 492px) 100vw, 492px\" \/><\/figure>\n<\/div>\n\n\n\n<div class=\"wp-block-column is-layout-flow wp-block-column-is-layout-flow\"><div class=\"wp-block-image\">\n<figure class=\"alignright size-full\"><img decoding=\"async\" width=\"529\" height=\"372\" src=\"https:\/\/lettresdepoilus-pays-de-ploermel.fr\/wp-content\/uploads\/2024\/07\/image-190.png\" alt=\"\" class=\"wp-image-5614\" srcset=\"https:\/\/lettresdepoilus-pays-de-ploermel.fr\/wp-content\/uploads\/2024\/07\/image-190.png 529w, https:\/\/lettresdepoilus-pays-de-ploermel.fr\/wp-content\/uploads\/2024\/07\/image-190-300x211.png 300w\" sizes=\"(max-width: 529px) 100vw, 529px\" \/><\/figure>\n<\/div><\/div>\n<\/div>\n\n\n\n<p><\/p>\n\n\n\n<p><object data=\"https:\/\/lettresdepoilus-pays-de-ploermel.fr\/wp-content\/uploads\/2024\/10\/Historique_sommaire_du_110e_regiment_._bpt6k6226092b.pdf\" type=\"application\/pdf\"><\/object><a href=\"https:\/\/lettresdepoilus-pays-de-ploermel.fr\/wp-content\/uploads\/2024\/10\/Historique_sommaire_du_110e_regiment_._bpt6k6226092b.pdf\">Historique_sommaire_du_110e_r\u00e9giment_[\u2026]_bpt6k6226092b<\/a><a href=\"https:\/\/lettresdepoilus-pays-de-ploermel.fr\/wp-content\/uploads\/2024\/10\/Historique_sommaire_du_110e_regiment_._bpt6k6226092b.pdf\">T\u00e9l\u00e9charger<\/a><\/p>\n","protected":false},"excerpt":{"rendered":"<p>Jean Baptiste BARB\u00c9 est ne le 5 septembre 1897 \u00e0 M\u00e9n\u00e9ac (Morbihan) et est d\u00e9c\u00e9d\u00e9 le 2 septembre 1917 \u00e0 Jumigny (Aisne) Fils de Jean Mathurin Marie BARBE et Julienne Marie ALLAIN. C\u00e9libataire. Il \u00e9tait incorpor\u00e9 au 110\u00e8me R\u00e9giment d&rsquo;Artillerie Lourde avec le grade de 2\u00e8me canonnier conducteur. Historique_sommaire_du_110e_r\u00e9giment_[\u2026]_bpt6k6226092bT\u00e9l\u00e9charger<\/p>\n","protected":false},"author":1,"featured_media":0,"comment_status":"closed","ping_status":"closed","sticky":false,"template":"","format":"standard","meta":{"iawp_total_views":2,"footnotes":""},"categories":[45],"tags":[76],"class_list":["post-9458","post","type-post","status-publish","format-standard","hentry","category--portraits","tag-meneac"],"acf":[],"_links":{"self":[{"href":"https:\/\/lettresdepoilus-pays-de-ploermel.fr\/index.php\/wp-json\/wp\/v2\/posts\/9458","targetHints":{"allow":["GET"]}}],"collection":[{"href":"https:\/\/lettresdepoilus-pays-de-ploermel.fr\/index.php\/wp-json\/wp\/v2\/posts"}],"about":[{"href":"https:\/\/lettresdepoilus-pays-de-ploermel.fr\/index.php\/wp-json\/wp\/v2\/types\/post"}],"author":[{"embeddable":true,"href":"https:\/\/lettresdepoilus-pays-de-ploermel.fr\/index.php\/wp-json\/wp\/v2\/users\/1"}],"replies":[{"embeddable":true,"href":"https:\/\/lettresdepoilus-pays-de-ploermel.fr\/index.php\/wp-json\/wp\/v2\/comments?post=9458"}],"version-history":[{"count":3,"href":"https:\/\/lettresdepoilus-pays-de-ploermel.fr\/index.php\/wp-json\/wp\/v2\/posts\/9458\/revisions"}],"predecessor-version":[{"id":13010,"href":"https:\/\/lettresdepoilus-pays-de-ploermel.fr\/index.php\/wp-json\/wp\/v2\/posts\/9458\/revisions\/13010"}],"wp:attachment":[{"href":"https:\/\/lettresdepoilus-pays-de-ploermel.fr\/index.php\/wp-json\/wp\/v2\/media?parent=9458"}],"wp:term":[{"taxonomy":"category","embeddable":true,"href":"https:\/\/lettresdepoilus-pays-de-ploermel.fr\/index.php\/wp-json\/wp\/v2\/categories?post=9458"},{"taxonomy":"post_tag","embeddable":true,"href":"https:\/\/lettresdepoilus-pays-de-ploermel.fr\/index.php\/wp-json\/wp\/v2\/tags?post=9458"}],"curies":[{"name":"wp","href":"https:\/\/api.w.org\/{rel}","templated":true}]}}