{"id":9219,"date":"2024-11-19T21:40:16","date_gmt":"2024-11-19T20:40:16","guid":{"rendered":"https:\/\/lettresdepoilus-pays-de-ploermel.fr\/?p=9219"},"modified":"2024-11-19T21:40:16","modified_gmt":"2024-11-19T20:40:16","slug":"yves-rouxel","status":"publish","type":"post","link":"https:\/\/lettresdepoilus-pays-de-ploermel.fr\/index.php\/2024\/11\/19\/yves-rouxel\/","title":{"rendered":"Yves ROUXEL"},"content":{"rendered":"\n<p><strong>Yves Marie ROUXEL<\/strong>\u00a0est n\u00e9 le 1er juillet 1882 \u00e0 Guilliers (Morbihan) et est d\u00e9c\u00e9d\u00e9 le 4 janvier 1915 \u00e0 Thiepval (Somme)<\/p>\n\n\n\n<p class=\"has-text-align-center\">Il \u00e9tait incorpor\u00e9 au 161\u00e8me R\u00e9giment d&rsquo;Infanterie.<\/p>\n\n\n<div class=\"wp-block-image\">\n<figure class=\"aligncenter is-resized\"><a href=\"https:\/\/argonnaute.parisnanterre.fr\/ark:\/14707\/hfwg3km5r8lz\/7bffaedb-ebb8-4cd5-a24d-b3443137d705\" target=\"_blank\" rel=\"noreferrer noopener\"><img fetchpriority=\"high\" decoding=\"async\" width=\"334\" height=\"527\" src=\"https:\/\/lettresdepoilus-pays-de-ploermel.fr\/wp-content\/uploads\/2024\/04\/image-21.png\" alt=\"\" class=\"wp-image-2561\" style=\"width:257px;height:auto\" srcset=\"https:\/\/lettresdepoilus-pays-de-ploermel.fr\/wp-content\/uploads\/2024\/04\/image-21.png 334w, https:\/\/lettresdepoilus-pays-de-ploermel.fr\/wp-content\/uploads\/2024\/04\/image-21-190x300.png 190w\" sizes=\"(max-width: 334px) 100vw, 334px\" \/><\/a><\/figure>\n<\/div>\n\n\n<p class=\"has-text-align-center\">Cliquez sur le livre pour d\u00e9couvrir l\u2019histoire du 161\u00e8me R\u00e9giment d\u2019Infanterie<\/p>\n\n\n<div class=\"wp-block-image\">\n<figure class=\"aligncenter\"><img decoding=\"async\" width=\"595\" height=\"450\" src=\"https:\/\/lettresdepoilus-pays-de-ploermel.fr\/wp-content\/uploads\/2024\/04\/G_161RI1.jpg\" alt=\"\" class=\"wp-image-2562\" srcset=\"https:\/\/lettresdepoilus-pays-de-ploermel.fr\/wp-content\/uploads\/2024\/04\/G_161RI1.jpg 595w, https:\/\/lettresdepoilus-pays-de-ploermel.fr\/wp-content\/uploads\/2024\/04\/G_161RI1-300x227.jpg 300w\" sizes=\"(max-width: 595px) 100vw, 595px\" \/><figcaption class=\"wp-element-caption\">Drapeau du 161\u00e8me R\u00e9giment d\u2019Infanterie<\/figcaption><\/figure>\n<\/div>\n\n<div class=\"wp-block-image\">\n<figure class=\"aligncenter\"><img decoding=\"async\" width=\"450\" height=\"281\" src=\"https:\/\/lettresdepoilus-pays-de-ploermel.fr\/wp-content\/uploads\/2024\/04\/161RI.webp\" alt=\"\" class=\"wp-image-2563\" srcset=\"https:\/\/lettresdepoilus-pays-de-ploermel.fr\/wp-content\/uploads\/2024\/04\/161RI.webp 450w, https:\/\/lettresdepoilus-pays-de-ploermel.fr\/wp-content\/uploads\/2024\/04\/161RI-300x187.webp 300w\" sizes=\"(max-width: 450px) 100vw, 450px\" \/><figcaption class=\"wp-element-caption\">Photo de groupe des Sous-Officiers du 161\u00e8me R.I<\/figcaption><\/figure>\n<\/div>\n\n\n<div style=\"height:20px\" aria-hidden=\"true\" class=\"wp-block-spacer\"><\/div>\n\n\n<div class=\"wp-block-image\">\n<figure class=\"aligncenter size-large\"><img loading=\"lazy\" decoding=\"async\" width=\"1024\" height=\"768\" src=\"https:\/\/lettresdepoilus-pays-de-ploermel.fr\/wp-content\/uploads\/2024\/11\/IMG_5712-1024x768.jpg\" alt=\"\" class=\"wp-image-9221\" srcset=\"https:\/\/lettresdepoilus-pays-de-ploermel.fr\/wp-content\/uploads\/2024\/11\/IMG_5712-1024x768.jpg 1024w, https:\/\/lettresdepoilus-pays-de-ploermel.fr\/wp-content\/uploads\/2024\/11\/IMG_5712-300x225.jpg 300w, https:\/\/lettresdepoilus-pays-de-ploermel.fr\/wp-content\/uploads\/2024\/11\/IMG_5712-768x576.jpg 768w, https:\/\/lettresdepoilus-pays-de-ploermel.fr\/wp-content\/uploads\/2024\/11\/IMG_5712-1536x1152.jpg 1536w, https:\/\/lettresdepoilus-pays-de-ploermel.fr\/wp-content\/uploads\/2024\/11\/IMG_5712-2048x1536.jpg 2048w, https:\/\/lettresdepoilus-pays-de-ploermel.fr\/wp-content\/uploads\/2024\/11\/IMG_5712-1140x855.jpg 1140w\" sizes=\"(max-width: 1024px) 100vw, 1024px\" \/><figcaption class=\"wp-element-caption\"><strong>Tombe d&rsquo;Yves ROUXEL<\/strong><\/figcaption><\/figure>\n<\/div>","protected":false},"excerpt":{"rendered":"<p>Yves Marie ROUXEL\u00a0est n\u00e9 le 1er juillet 1882 \u00e0 Guilliers (Morbihan) et est d\u00e9c\u00e9d\u00e9 le 4 janvier 1915 \u00e0 Thiepval (Somme) Il \u00e9tait incorpor\u00e9 au 161\u00e8me R\u00e9giment d&rsquo;Infanterie. Cliquez sur le livre pour d\u00e9couvrir l\u2019histoire du 161\u00e8me R\u00e9giment d\u2019Infanterie<\/p>\n","protected":false},"author":1,"featured_media":0,"comment_status":"closed","ping_status":"closed","sticky":false,"template":"","format":"standard","meta":{"iawp_total_views":1,"footnotes":""},"categories":[45],"tags":[59],"class_list":["post-9219","post","type-post","status-publish","format-standard","hentry","category--portraits","tag-guilliers"],"acf":[],"_links":{"self":[{"href":"https:\/\/lettresdepoilus-pays-de-ploermel.fr\/index.php\/wp-json\/wp\/v2\/posts\/9219","targetHints":{"allow":["GET"]}}],"collection":[{"href":"https:\/\/lettresdepoilus-pays-de-ploermel.fr\/index.php\/wp-json\/wp\/v2\/posts"}],"about":[{"href":"https:\/\/lettresdepoilus-pays-de-ploermel.fr\/index.php\/wp-json\/wp\/v2\/types\/post"}],"author":[{"embeddable":true,"href":"https:\/\/lettresdepoilus-pays-de-ploermel.fr\/index.php\/wp-json\/wp\/v2\/users\/1"}],"replies":[{"embeddable":true,"href":"https:\/\/lettresdepoilus-pays-de-ploermel.fr\/index.php\/wp-json\/wp\/v2\/comments?post=9219"}],"version-history":[{"count":1,"href":"https:\/\/lettresdepoilus-pays-de-ploermel.fr\/index.php\/wp-json\/wp\/v2\/posts\/9219\/revisions"}],"predecessor-version":[{"id":9222,"href":"https:\/\/lettresdepoilus-pays-de-ploermel.fr\/index.php\/wp-json\/wp\/v2\/posts\/9219\/revisions\/9222"}],"wp:attachment":[{"href":"https:\/\/lettresdepoilus-pays-de-ploermel.fr\/index.php\/wp-json\/wp\/v2\/media?parent=9219"}],"wp:term":[{"taxonomy":"category","embeddable":true,"href":"https:\/\/lettresdepoilus-pays-de-ploermel.fr\/index.php\/wp-json\/wp\/v2\/categories?post=9219"},{"taxonomy":"post_tag","embeddable":true,"href":"https:\/\/lettresdepoilus-pays-de-ploermel.fr\/index.php\/wp-json\/wp\/v2\/tags?post=9219"}],"curies":[{"name":"wp","href":"https:\/\/api.w.org\/{rel}","templated":true}]}}