{"id":8870,"date":"2024-11-10T15:16:15","date_gmt":"2024-11-10T14:16:15","guid":{"rendered":"https:\/\/lettresdepoilus-pays-de-ploermel.fr\/?p=8870"},"modified":"2025-02-07T11:51:54","modified_gmt":"2025-02-07T10:51:54","slug":"jean-leray","status":"publish","type":"post","link":"https:\/\/lettresdepoilus-pays-de-ploermel.fr\/index.php\/2024\/11\/10\/jean-leray\/","title":{"rendered":"Jean LERAY"},"content":{"rendered":"\n<p>Jean LERAY est n\u00e9 le 23 mars 1897 \u00e0 M\u00e9n\u00e9ac (Morbihan) et est d\u00e9c\u00e9d\u00e9 le 1er juillet 1917 \u00e0 Minorville (Meurthe &amp; Moselle) Fils de Joseph Marie Fran\u00e7ois LERAY et Anne Marie Mathurine MOREUL.<\/p>\n\n\n\n<p class=\"has-text-align-center\">Il \u00e9tait incorpor\u00e9 au 26\u00e8me R\u00e9giment d&rsquo;Infanterie. <\/p>\n\n\n\n<div style=\"height:15px\" aria-hidden=\"true\" class=\"wp-block-spacer\"><\/div>\n\n\n<div class=\"wp-block-image\">\n<figure class=\"aligncenter size-full\"><img fetchpriority=\"high\" decoding=\"async\" width=\"651\" height=\"214\" src=\"https:\/\/lettresdepoilus-pays-de-ploermel.fr\/wp-content\/uploads\/2024\/09\/image-9.png\" alt=\"\" class=\"wp-image-7295\" srcset=\"https:\/\/lettresdepoilus-pays-de-ploermel.fr\/wp-content\/uploads\/2024\/09\/image-9.png 651w, https:\/\/lettresdepoilus-pays-de-ploermel.fr\/wp-content\/uploads\/2024\/09\/image-9-300x99.png 300w\" sizes=\"(max-width: 651px) 100vw, 651px\" \/><figcaption class=\"wp-element-caption\"><strong><a href=\"https:\/\/memorial19141918.wordpress.com\/2023\/03\/17\/26eme-ri\/\" target=\"_blank\" rel=\"noopener\">Historique du 26\u00e8me R\u00e9giment d&rsquo;Infanterie<\/a><\/strong><\/figcaption><\/figure>\n<\/div>\n\n\n<div style=\"height:20px\" aria-hidden=\"true\" class=\"wp-block-spacer\"><\/div>\n\n\n<div class=\"wp-block-image\">\n<figure class=\"aligncenter size-large is-resized\"><img decoding=\"async\" width=\"769\" height=\"1024\" src=\"https:\/\/lettresdepoilus-pays-de-ploermel.fr\/wp-content\/uploads\/2024\/11\/IMG_6677-1-769x1024.jpg\" alt=\"\" class=\"wp-image-8872\" style=\"width:407px;height:auto\" srcset=\"https:\/\/lettresdepoilus-pays-de-ploermel.fr\/wp-content\/uploads\/2024\/11\/IMG_6677-1-769x1024.jpg 769w, https:\/\/lettresdepoilus-pays-de-ploermel.fr\/wp-content\/uploads\/2024\/11\/IMG_6677-1-225x300.jpg 225w, https:\/\/lettresdepoilus-pays-de-ploermel.fr\/wp-content\/uploads\/2024\/11\/IMG_6677-1-768x1022.jpg 768w, https:\/\/lettresdepoilus-pays-de-ploermel.fr\/wp-content\/uploads\/2024\/11\/IMG_6677-1.jpg 1049w\" sizes=\"(max-width: 769px) 100vw, 769px\" \/><\/figure>\n<\/div>","protected":false},"excerpt":{"rendered":"<p>Jean LERAY est n\u00e9 le 23 mars 1897 \u00e0 M\u00e9n\u00e9ac (Morbihan) et est d\u00e9c\u00e9d\u00e9 le 1er juillet 1917 \u00e0 Minorville (Meurthe &amp; Moselle) Fils de Joseph Marie Fran\u00e7ois LERAY et Anne Marie Mathurine MOREUL. Il \u00e9tait incorpor\u00e9 au 26\u00e8me R\u00e9giment d&rsquo;Infanterie.<\/p>\n","protected":false},"author":1,"featured_media":0,"comment_status":"closed","ping_status":"closed","sticky":false,"template":"","format":"standard","meta":{"iawp_total_views":2,"footnotes":""},"categories":[45],"tags":[76],"class_list":["post-8870","post","type-post","status-publish","format-standard","hentry","category--portraits","tag-meneac"],"acf":[],"_links":{"self":[{"href":"https:\/\/lettresdepoilus-pays-de-ploermel.fr\/index.php\/wp-json\/wp\/v2\/posts\/8870","targetHints":{"allow":["GET"]}}],"collection":[{"href":"https:\/\/lettresdepoilus-pays-de-ploermel.fr\/index.php\/wp-json\/wp\/v2\/posts"}],"about":[{"href":"https:\/\/lettresdepoilus-pays-de-ploermel.fr\/index.php\/wp-json\/wp\/v2\/types\/post"}],"author":[{"embeddable":true,"href":"https:\/\/lettresdepoilus-pays-de-ploermel.fr\/index.php\/wp-json\/wp\/v2\/users\/1"}],"replies":[{"embeddable":true,"href":"https:\/\/lettresdepoilus-pays-de-ploermel.fr\/index.php\/wp-json\/wp\/v2\/comments?post=8870"}],"version-history":[{"count":2,"href":"https:\/\/lettresdepoilus-pays-de-ploermel.fr\/index.php\/wp-json\/wp\/v2\/posts\/8870\/revisions"}],"predecessor-version":[{"id":13113,"href":"https:\/\/lettresdepoilus-pays-de-ploermel.fr\/index.php\/wp-json\/wp\/v2\/posts\/8870\/revisions\/13113"}],"wp:attachment":[{"href":"https:\/\/lettresdepoilus-pays-de-ploermel.fr\/index.php\/wp-json\/wp\/v2\/media?parent=8870"}],"wp:term":[{"taxonomy":"category","embeddable":true,"href":"https:\/\/lettresdepoilus-pays-de-ploermel.fr\/index.php\/wp-json\/wp\/v2\/categories?post=8870"},{"taxonomy":"post_tag","embeddable":true,"href":"https:\/\/lettresdepoilus-pays-de-ploermel.fr\/index.php\/wp-json\/wp\/v2\/tags?post=8870"}],"curies":[{"name":"wp","href":"https:\/\/api.w.org\/{rel}","templated":true}]}}