{"id":884,"date":"2004-03-01T10:58:33","date_gmt":"2004-03-01T09:58:33","guid":{"rendered":"https:\/\/saint-brieuc-de-mauron.com\/?p=884"},"modified":"2025-06-02T12:39:20","modified_gmt":"2025-06-02T10:39:20","slug":"carte-du-31-octobre-1914","status":"publish","type":"post","link":"https:\/\/lettresdepoilus-pays-de-ploermel.fr\/index.php\/2004\/03\/01\/carte-du-31-octobre-1914\/","title":{"rendered":"Carte du 31 octobre 1914"},"content":{"rendered":"\n<div class=\"wp-block-columns is-layout-flex wp-container-core-columns-is-layout-9d6595d7 wp-block-columns-is-layout-flex\">\n<div class=\"wp-block-column is-layout-flow wp-block-column-is-layout-flow\">\n<figure class=\"wp-block-image size-large\"><img fetchpriority=\"high\" decoding=\"async\" width=\"1024\" height=\"768\" src=\"https:\/\/lettresdepoilus-pays-de-ploermel.fr\/wp-content\/uploads\/2024\/01\/19140823CR-1024x768.jpg\" alt=\"\" class=\"wp-image-887\" srcset=\"https:\/\/lettresdepoilus-pays-de-ploermel.fr\/wp-content\/uploads\/2024\/01\/19140823CR-1024x768.jpg 1024w, https:\/\/lettresdepoilus-pays-de-ploermel.fr\/wp-content\/uploads\/2024\/01\/19140823CR-300x225.jpg 300w, https:\/\/lettresdepoilus-pays-de-ploermel.fr\/wp-content\/uploads\/2024\/01\/19140823CR-768x576.jpg 768w, https:\/\/lettresdepoilus-pays-de-ploermel.fr\/wp-content\/uploads\/2024\/01\/19140823CR-1536x1152.jpg 1536w, https:\/\/lettresdepoilus-pays-de-ploermel.fr\/wp-content\/uploads\/2024\/01\/19140823CR-2048x1536.jpg 2048w, https:\/\/lettresdepoilus-pays-de-ploermel.fr\/wp-content\/uploads\/2024\/01\/19140823CR-1140x855.jpg 1140w\" sizes=\"(max-width: 1024px) 100vw, 1024px\" \/><\/figure>\n<\/div>\n\n\n\n<div class=\"wp-block-column is-layout-flow wp-block-column-is-layout-flow\">\n<figure class=\"wp-block-image size-large\"><img decoding=\"async\" width=\"1024\" height=\"768\" src=\"https:\/\/lettresdepoilus-pays-de-ploermel.fr\/wp-content\/uploads\/2024\/01\/19140823CV-1024x768.jpg\" alt=\"\" class=\"wp-image-888\" srcset=\"https:\/\/lettresdepoilus-pays-de-ploermel.fr\/wp-content\/uploads\/2024\/01\/19140823CV-1024x768.jpg 1024w, https:\/\/lettresdepoilus-pays-de-ploermel.fr\/wp-content\/uploads\/2024\/01\/19140823CV-300x225.jpg 300w, https:\/\/lettresdepoilus-pays-de-ploermel.fr\/wp-content\/uploads\/2024\/01\/19140823CV-768x576.jpg 768w, https:\/\/lettresdepoilus-pays-de-ploermel.fr\/wp-content\/uploads\/2024\/01\/19140823CV-1536x1152.jpg 1536w, https:\/\/lettresdepoilus-pays-de-ploermel.fr\/wp-content\/uploads\/2024\/01\/19140823CV-2048x1536.jpg 2048w, https:\/\/lettresdepoilus-pays-de-ploermel.fr\/wp-content\/uploads\/2024\/01\/19140823CV-1140x855.jpg 1140w\" sizes=\"(max-width: 1024px) 100vw, 1024px\" \/><\/figure>\n<\/div>\n<\/div>\n\n\n\n<p class=\"has-cyan-bluish-gray-background-color has-background\"><em><strong>Date : 31 Octobre 1914 &#8211; Exp\u00e9diteur : Jean<\/strong><\/em> <strong><em>Bonnet<\/em><\/strong> &#8211; <em><strong>Destinataire : Valentine Bonnet <\/strong><\/em><\/p>\n\n\n\n<p><em>Ma ch\u00e8re petite Valentine,<\/em><\/p>\n\n\n\n<p><em>Tu devrais avoir bien du chagrin d\u2019\u00eatre s\u00e9par\u00e9e de ton papa. Les allemands l\u2019ont pris, mais prend courage tes oncles le vengeront et le feront bient\u00f4t, il faut prendre patience, avoir du courage et ne pas te chagriner.<\/em><\/p>\n\n\n\n<p><em>Il restera pr\u00e8s de toi et ta m\u00e8re. Si tu voyais ces petites fran\u00e7aises auxquelles les allemands ont pris leur p\u00e8re et leur m\u00e8re et br\u00fbl\u00e9 leur maison. Ces petites malheureuses fuient l\u2019horreur des champs de bataille sans la pro- tection des soldats fran\u00e7ais, et s\u2019en vont vers un pays inconnu, implorent le secours l\u2019assistance publique.<\/em><\/p>\n\n\n\n<p><em>Ma ch\u00e8re petite Valentine quand tu penseras \u00e0 ces petites abandonn\u00e9es qui pleurent leurs parents tu auras piti\u00e9, toi qui est si bonne et tu diras je ne suis pas la plus malheureuse, apprends d\u00e8s maintenant \u00e0 ha\u00efr ces bar- bares d\u2019allemands qui ont essay\u00e9 d\u2019envahir notre belle et paisible France mais n\u2019y ont pas r\u00e9ussi malgr\u00e9 leur force brutale car tous les fran\u00e7ais dans un \u00e9lan patriotique se sont livr\u00e9s et ont oppos\u00e9 une r\u00e9sistance h\u00e9ro\u00efque \u00e0 l\u2019envahissement et seront bient\u00f4t hors de France, mais la victoire demandera de grands sacrifices.<\/em><\/p>\n\n\n\n<p><em>Nombreuses sont d\u00e9j\u00e0 les petites filles qui pleurent leur p\u00e8re, nombreux sont les braves tomb\u00e9s au champ d\u2019honneur mais la vie de la patrie en d\u00e9pend et chacun doit faire tout son devoir.<\/em><\/p>\n\n\n\n<p><em>Ton devoir \u00e0 toi ma petite Valentine, c\u2019est d\u2019\u00eatre courageuse pour ne pas augmenter le chagrin de ta m\u00e8re.<\/em><\/p>\n\n\n\n<p><em>Au revoir ma petite Valentine et embrasse bien fort ta m\u00e8re pour moi. Tonton Jean.<\/em><\/p>\n\n\n\n<p><\/p>\n","protected":false},"excerpt":{"rendered":"<p>Jean Bonnet \u00e0 sa ni\u00e8ce Valentine&#8230;<\/p>\n","protected":false},"author":2,"featured_media":0,"comment_status":"closed","ping_status":"closed","sticky":false,"template":"","format":"standard","meta":{"iawp_total_views":3,"footnotes":""},"categories":[12],"tags":[],"class_list":["post-884","post","type-post","status-publish","format-standard","hentry","category-correspondances-de-1914"],"acf":[],"_links":{"self":[{"href":"https:\/\/lettresdepoilus-pays-de-ploermel.fr\/index.php\/wp-json\/wp\/v2\/posts\/884","targetHints":{"allow":["GET"]}}],"collection":[{"href":"https:\/\/lettresdepoilus-pays-de-ploermel.fr\/index.php\/wp-json\/wp\/v2\/posts"}],"about":[{"href":"https:\/\/lettresdepoilus-pays-de-ploermel.fr\/index.php\/wp-json\/wp\/v2\/types\/post"}],"author":[{"embeddable":true,"href":"https:\/\/lettresdepoilus-pays-de-ploermel.fr\/index.php\/wp-json\/wp\/v2\/users\/2"}],"replies":[{"embeddable":true,"href":"https:\/\/lettresdepoilus-pays-de-ploermel.fr\/index.php\/wp-json\/wp\/v2\/comments?post=884"}],"version-history":[{"count":4,"href":"https:\/\/lettresdepoilus-pays-de-ploermel.fr\/index.php\/wp-json\/wp\/v2\/posts\/884\/revisions"}],"predecessor-version":[{"id":14767,"href":"https:\/\/lettresdepoilus-pays-de-ploermel.fr\/index.php\/wp-json\/wp\/v2\/posts\/884\/revisions\/14767"}],"wp:attachment":[{"href":"https:\/\/lettresdepoilus-pays-de-ploermel.fr\/index.php\/wp-json\/wp\/v2\/media?parent=884"}],"wp:term":[{"taxonomy":"category","embeddable":true,"href":"https:\/\/lettresdepoilus-pays-de-ploermel.fr\/index.php\/wp-json\/wp\/v2\/categories?post=884"},{"taxonomy":"post_tag","embeddable":true,"href":"https:\/\/lettresdepoilus-pays-de-ploermel.fr\/index.php\/wp-json\/wp\/v2\/tags?post=884"}],"curies":[{"name":"wp","href":"https:\/\/api.w.org\/{rel}","templated":true}]}}