{"id":8085,"date":"2024-10-03T22:08:58","date_gmt":"2024-10-03T20:08:58","guid":{"rendered":"https:\/\/lettresdepoilus-pays-de-ploermel.fr\/?p=8085"},"modified":"2024-10-03T22:08:58","modified_gmt":"2024-10-03T20:08:58","slug":"georges-le-gall","status":"publish","type":"post","link":"https:\/\/lettresdepoilus-pays-de-ploermel.fr\/index.php\/2024\/10\/03\/georges-le-gall\/","title":{"rendered":"Georges LE GALL"},"content":{"rendered":"\n<p>Georges Jean Marie LE GALL est n\u00e9 le 3 septembre 1896 \u00e0 Josselin (Morbihan) et est d\u00e9c\u00e9d\u00e9 le 5 septembre 1917 \u00e0 Samogneux (Meuse)<\/p>\n\n\n\n<p class=\"has-text-align-center\">Il \u00e9tait incorpor\u00e9 au 47\u00e8me R\u00e9giment d&rsquo;Infanterie.<\/p>\n\n\n\n<div style=\"height:10px\" aria-hidden=\"true\" class=\"wp-block-spacer\"><\/div>\n\n\n<div class=\"wp-block-image\">\n<figure class=\"aligncenter size-full\"><img fetchpriority=\"high\" decoding=\"async\" width=\"697\" height=\"446\" src=\"https:\/\/lettresdepoilus-pays-de-ploermel.fr\/wp-content\/uploads\/2024\/10\/image-13.png\" alt=\"\" class=\"wp-image-8186\" srcset=\"https:\/\/lettresdepoilus-pays-de-ploermel.fr\/wp-content\/uploads\/2024\/10\/image-13.png 697w, https:\/\/lettresdepoilus-pays-de-ploermel.fr\/wp-content\/uploads\/2024\/10\/image-13-300x192.png 300w\" sizes=\"(max-width: 697px) 100vw, 697px\" \/><figcaption class=\"wp-element-caption\"><a href=\"https:\/\/memorial19141918.wordpress.com\/2023\/04\/20\/47eme-ri\/\" rel=\"nofollow noopener\" target=\"_blank\">Historique du 47\u00e8me R.I.<\/a><\/figcaption><\/figure>\n<\/div>\n\n\n<p><\/p>\n","protected":false},"excerpt":{"rendered":"<p>Georges Jean Marie LE GALL est n\u00e9 le 3 septembre 1896 \u00e0 Josselin (Morbihan) et est d\u00e9c\u00e9d\u00e9 le 5 septembre 1917 \u00e0 Samogneux (Meuse) Il \u00e9tait incorpor\u00e9 au 47\u00e8me R\u00e9giment d&rsquo;Infanterie.<\/p>\n","protected":false},"author":1,"featured_media":0,"comment_status":"closed","ping_status":"closed","sticky":false,"template":"","format":"standard","meta":{"iawp_total_views":2,"footnotes":""},"categories":[45],"tags":[79],"class_list":["post-8085","post","type-post","status-publish","format-standard","hentry","category--portraits","tag-josselin"],"acf":[],"_links":{"self":[{"href":"https:\/\/lettresdepoilus-pays-de-ploermel.fr\/index.php\/wp-json\/wp\/v2\/posts\/8085","targetHints":{"allow":["GET"]}}],"collection":[{"href":"https:\/\/lettresdepoilus-pays-de-ploermel.fr\/index.php\/wp-json\/wp\/v2\/posts"}],"about":[{"href":"https:\/\/lettresdepoilus-pays-de-ploermel.fr\/index.php\/wp-json\/wp\/v2\/types\/post"}],"author":[{"embeddable":true,"href":"https:\/\/lettresdepoilus-pays-de-ploermel.fr\/index.php\/wp-json\/wp\/v2\/users\/1"}],"replies":[{"embeddable":true,"href":"https:\/\/lettresdepoilus-pays-de-ploermel.fr\/index.php\/wp-json\/wp\/v2\/comments?post=8085"}],"version-history":[{"count":2,"href":"https:\/\/lettresdepoilus-pays-de-ploermel.fr\/index.php\/wp-json\/wp\/v2\/posts\/8085\/revisions"}],"predecessor-version":[{"id":8187,"href":"https:\/\/lettresdepoilus-pays-de-ploermel.fr\/index.php\/wp-json\/wp\/v2\/posts\/8085\/revisions\/8187"}],"wp:attachment":[{"href":"https:\/\/lettresdepoilus-pays-de-ploermel.fr\/index.php\/wp-json\/wp\/v2\/media?parent=8085"}],"wp:term":[{"taxonomy":"category","embeddable":true,"href":"https:\/\/lettresdepoilus-pays-de-ploermel.fr\/index.php\/wp-json\/wp\/v2\/categories?post=8085"},{"taxonomy":"post_tag","embeddable":true,"href":"https:\/\/lettresdepoilus-pays-de-ploermel.fr\/index.php\/wp-json\/wp\/v2\/tags?post=8085"}],"curies":[{"name":"wp","href":"https:\/\/api.w.org\/{rel}","templated":true}]}}