{"id":7936,"date":"2024-09-29T19:34:57","date_gmt":"2024-09-29T17:34:57","guid":{"rendered":"https:\/\/lettresdepoilus-pays-de-ploermel.fr\/?p=7936"},"modified":"2024-09-29T19:34:57","modified_gmt":"2024-09-29T17:34:57","slug":"jean-legentil","status":"publish","type":"post","link":"https:\/\/lettresdepoilus-pays-de-ploermel.fr\/index.php\/2024\/09\/29\/jean-legentil\/","title":{"rendered":"Jean LEGENTIL"},"content":{"rendered":"\n<p>Jean Marie LEGENTIL est n\u00e9 le 10 avril 1884 \u00e0 Guillac (Morbihan) et est d\u00e9c\u00e9d\u00e9 le 20 mai 1917 \u00e0 Mont T\u00e9ton (Marne) &#8211; Mont T\u00e9ton est situ\u00e9 sur la commune de Moronvilliers (51) d\u00e9truit pendant la guerre.<\/p>\n\n\n\n<p class=\"has-text-align-center\">Il \u00e9tait incorpor\u00e9 au 115\u00e8me R\u00e9giment d&rsquo;Infanterie.<\/p>\n\n\n\n<p class=\"has-text-align-center\"><strong>Images du 115\u00e8me R.I. de 1914<\/strong><\/p>\n\n\n\n<div style=\"height:15px\" aria-hidden=\"true\" class=\"wp-block-spacer\"><\/div>\n\n\n<div class=\"wp-block-image\">\n<figure class=\"aligncenter size-full\"><img fetchpriority=\"high\" decoding=\"async\" width=\"701\" height=\"583\" src=\"https:\/\/lettresdepoilus-pays-de-ploermel.fr\/wp-content\/uploads\/2024\/09\/image-102.png\" alt=\"\" class=\"wp-image-7946\" srcset=\"https:\/\/lettresdepoilus-pays-de-ploermel.fr\/wp-content\/uploads\/2024\/09\/image-102.png 701w, https:\/\/lettresdepoilus-pays-de-ploermel.fr\/wp-content\/uploads\/2024\/09\/image-102-300x250.png 300w\" sizes=\"(max-width: 701px) 100vw, 701px\" \/><\/figure>\n<\/div>\n\n\n<p class=\"has-text-align-center\"><a href=\"https:\/\/memorial19141918.wordpress.com\/2023\/11\/10\/115eme-ri\/\" rel=\"nofollow noopener\" target=\"_blank\">Historique du 115\u00e8me R.I.<\/a><\/p>\n\n\n\n<p><\/p>\n","protected":false},"excerpt":{"rendered":"<p>Jean Marie LEGENTIL est n\u00e9 le 10 avril 1884 \u00e0 Guillac (Morbihan) et est d\u00e9c\u00e9d\u00e9 le 20 mai 1917 \u00e0 Mont T\u00e9ton (Marne) &#8211; Mont T\u00e9ton est situ\u00e9 sur la commune de Moronvilliers (51) d\u00e9truit pendant la guerre. Il \u00e9tait incorpor\u00e9 au 115\u00e8me R\u00e9giment d&rsquo;Infanterie. Images du 115\u00e8me R.I. de 1914 Historique du 115\u00e8me R.I.<\/p>\n","protected":false},"author":1,"featured_media":0,"comment_status":"closed","ping_status":"closed","sticky":false,"template":"","format":"standard","meta":{"iawp_total_views":1,"footnotes":""},"categories":[45],"tags":[71],"class_list":["post-7936","post","type-post","status-publish","format-standard","hentry","category--portraits","tag-guillac"],"acf":[],"_links":{"self":[{"href":"https:\/\/lettresdepoilus-pays-de-ploermel.fr\/index.php\/wp-json\/wp\/v2\/posts\/7936","targetHints":{"allow":["GET"]}}],"collection":[{"href":"https:\/\/lettresdepoilus-pays-de-ploermel.fr\/index.php\/wp-json\/wp\/v2\/posts"}],"about":[{"href":"https:\/\/lettresdepoilus-pays-de-ploermel.fr\/index.php\/wp-json\/wp\/v2\/types\/post"}],"author":[{"embeddable":true,"href":"https:\/\/lettresdepoilus-pays-de-ploermel.fr\/index.php\/wp-json\/wp\/v2\/users\/1"}],"replies":[{"embeddable":true,"href":"https:\/\/lettresdepoilus-pays-de-ploermel.fr\/index.php\/wp-json\/wp\/v2\/comments?post=7936"}],"version-history":[{"count":2,"href":"https:\/\/lettresdepoilus-pays-de-ploermel.fr\/index.php\/wp-json\/wp\/v2\/posts\/7936\/revisions"}],"predecessor-version":[{"id":7947,"href":"https:\/\/lettresdepoilus-pays-de-ploermel.fr\/index.php\/wp-json\/wp\/v2\/posts\/7936\/revisions\/7947"}],"wp:attachment":[{"href":"https:\/\/lettresdepoilus-pays-de-ploermel.fr\/index.php\/wp-json\/wp\/v2\/media?parent=7936"}],"wp:term":[{"taxonomy":"category","embeddable":true,"href":"https:\/\/lettresdepoilus-pays-de-ploermel.fr\/index.php\/wp-json\/wp\/v2\/categories?post=7936"},{"taxonomy":"post_tag","embeddable":true,"href":"https:\/\/lettresdepoilus-pays-de-ploermel.fr\/index.php\/wp-json\/wp\/v2\/tags?post=7936"}],"curies":[{"name":"wp","href":"https:\/\/api.w.org\/{rel}","templated":true}]}}