{"id":7853,"date":"2024-09-28T18:56:25","date_gmt":"2024-09-28T16:56:25","guid":{"rendered":"https:\/\/lettresdepoilus-pays-de-ploermel.fr\/?p=7853"},"modified":"2024-09-28T18:56:25","modified_gmt":"2024-09-28T16:56:25","slug":"augustin-bonable","status":"publish","type":"post","link":"https:\/\/lettresdepoilus-pays-de-ploermel.fr\/index.php\/2024\/09\/28\/augustin-bonable\/","title":{"rendered":"Augustin BONABLE"},"content":{"rendered":"\n<p>Augustin Joseph BONABLE est n\u00e9 le 28 ao\u00fbt 1888 \u00e0 Guillac (Morbihan) et est d\u00e9c\u00e9d\u00e9 le 4 f\u00e9vrier 1916 \u00e0 Blercourt (Meuse)<\/p>\n\n\n\n<p class=\"has-text-align-center\">Il \u00e9tait incorpor\u00e9 au 270\u00e8me R\u00e9giment d&rsquo;Infanterie.<\/p>\n\n\n\n<p> <\/p>\n\n\n\n<div style=\"height:17px\" aria-hidden=\"true\" class=\"wp-block-spacer\"><\/div>\n\n\n<div class=\"wp-block-image\">\n<figure class=\"aligncenter size-full\"><img fetchpriority=\"high\" decoding=\"async\" width=\"376\" height=\"278\" src=\"https:\/\/lettresdepoilus-pays-de-ploermel.fr\/wp-content\/uploads\/2024\/09\/image-98.png\" alt=\"\" class=\"wp-image-7870\" srcset=\"https:\/\/lettresdepoilus-pays-de-ploermel.fr\/wp-content\/uploads\/2024\/09\/image-98.png 376w, https:\/\/lettresdepoilus-pays-de-ploermel.fr\/wp-content\/uploads\/2024\/09\/image-98-300x222.png 300w\" sizes=\"(max-width: 376px) 100vw, 376px\" \/><figcaption class=\"wp-element-caption\"><a href=\"https:\/\/memorial19141918.wordpress.com\/2011\/10\/18\/270-eme-ri\/\" rel=\"nofollow noopener\" target=\"_blank\">Historique du 270\u00e8me R.I.<\/a><\/figcaption><\/figure>\n<\/div>\n\n\n<p><\/p>\n","protected":false},"excerpt":{"rendered":"<p>Augustin Joseph BONABLE est n\u00e9 le 28 ao\u00fbt 1888 \u00e0 Guillac (Morbihan) et est d\u00e9c\u00e9d\u00e9 le 4 f\u00e9vrier 1916 \u00e0 Blercourt (Meuse) Il \u00e9tait incorpor\u00e9 au 270\u00e8me R\u00e9giment d&rsquo;Infanterie.<\/p>\n","protected":false},"author":1,"featured_media":0,"comment_status":"closed","ping_status":"closed","sticky":false,"template":"","format":"standard","meta":{"iawp_total_views":1,"footnotes":""},"categories":[45],"tags":[71],"class_list":["post-7853","post","type-post","status-publish","format-standard","hentry","category--portraits","tag-guillac"],"acf":[],"_links":{"self":[{"href":"https:\/\/lettresdepoilus-pays-de-ploermel.fr\/index.php\/wp-json\/wp\/v2\/posts\/7853","targetHints":{"allow":["GET"]}}],"collection":[{"href":"https:\/\/lettresdepoilus-pays-de-ploermel.fr\/index.php\/wp-json\/wp\/v2\/posts"}],"about":[{"href":"https:\/\/lettresdepoilus-pays-de-ploermel.fr\/index.php\/wp-json\/wp\/v2\/types\/post"}],"author":[{"embeddable":true,"href":"https:\/\/lettresdepoilus-pays-de-ploermel.fr\/index.php\/wp-json\/wp\/v2\/users\/1"}],"replies":[{"embeddable":true,"href":"https:\/\/lettresdepoilus-pays-de-ploermel.fr\/index.php\/wp-json\/wp\/v2\/comments?post=7853"}],"version-history":[{"count":2,"href":"https:\/\/lettresdepoilus-pays-de-ploermel.fr\/index.php\/wp-json\/wp\/v2\/posts\/7853\/revisions"}],"predecessor-version":[{"id":7871,"href":"https:\/\/lettresdepoilus-pays-de-ploermel.fr\/index.php\/wp-json\/wp\/v2\/posts\/7853\/revisions\/7871"}],"wp:attachment":[{"href":"https:\/\/lettresdepoilus-pays-de-ploermel.fr\/index.php\/wp-json\/wp\/v2\/media?parent=7853"}],"wp:term":[{"taxonomy":"category","embeddable":true,"href":"https:\/\/lettresdepoilus-pays-de-ploermel.fr\/index.php\/wp-json\/wp\/v2\/categories?post=7853"},{"taxonomy":"post_tag","embeddable":true,"href":"https:\/\/lettresdepoilus-pays-de-ploermel.fr\/index.php\/wp-json\/wp\/v2\/tags?post=7853"}],"curies":[{"name":"wp","href":"https:\/\/api.w.org\/{rel}","templated":true}]}}