{"id":7246,"date":"2024-09-11T19:47:01","date_gmt":"2024-09-11T17:47:01","guid":{"rendered":"https:\/\/lettresdepoilus-pays-de-ploermel.fr\/?p=7246"},"modified":"2024-09-11T19:47:01","modified_gmt":"2024-09-11T17:47:01","slug":"pierre-blanche","status":"publish","type":"post","link":"https:\/\/lettresdepoilus-pays-de-ploermel.fr\/index.php\/2024\/09\/11\/pierre-blanche\/","title":{"rendered":"Pierre BLANCHE"},"content":{"rendered":"\n<p><\/p>\n\n\n\n<p>Pierre Joachim BLANCHE est n\u00e9 le 30 juillet 1897 \u00e0 Cruguel (Morbihan) et est d\u00e9c\u00e9d\u00e9 le 15 juin 1918 au Havre (Seine Inf\u00e9rieure)<\/p>\n\n\n\n<p><\/p>\n\n\n\n<p class=\"has-text-align-center\">Il \u00e9tait incorpor\u00e9 au 26\u00e8me r\u00e9giment d&rsquo;Infanterie.<\/p>\n\n\n\n<p><\/p>\n\n\n\n<figure class=\"wp-block-image size-full is-resized\"><a href=\"https:\/\/argonnaute.parisnanterre.fr\/ark:\/14707\/sjbnc70rf1x6\/aed9b4c3-cc7f-4983-aa6e-f1c45a6e6825\" target=\"_blank\" rel=\"noreferrer noopener\"><img fetchpriority=\"high\" decoding=\"async\" width=\"903\" height=\"709\" src=\"https:\/\/lettresdepoilus-pays-de-ploermel.fr\/wp-content\/uploads\/2024\/07\/image-187.png\" alt=\"\" class=\"wp-image-5468\" style=\"width:775px;height:auto\" srcset=\"https:\/\/lettresdepoilus-pays-de-ploermel.fr\/wp-content\/uploads\/2024\/07\/image-187.png 903w, https:\/\/lettresdepoilus-pays-de-ploermel.fr\/wp-content\/uploads\/2024\/07\/image-187-300x236.png 300w, https:\/\/lettresdepoilus-pays-de-ploermel.fr\/wp-content\/uploads\/2024\/07\/image-187-768x603.png 768w\" sizes=\"(max-width: 903px) 100vw, 903px\" \/><\/a><\/figure>\n\n\n\n<div style=\"height:100px\" aria-hidden=\"true\" class=\"wp-block-spacer\"><\/div>\n\n\n\n<div class=\"wp-block-columns is-layout-flex wp-container-core-columns-is-layout-9d6595d7 wp-block-columns-is-layout-flex\">\n<div class=\"wp-block-column is-layout-flow wp-block-column-is-layout-flow\">\n<figure class=\"wp-block-image size-full\"><a href=\"https:\/\/argonnaute.parisnanterre.fr\/ark:\/14707\/sjbnc70rf1x6\/8d71c66e-4c22-4531-b8f6-a5967eba1c21\" target=\"_blank\" rel=\"noreferrer noopener\"><img decoding=\"async\" width=\"324\" height=\"519\" src=\"https:\/\/lettresdepoilus-pays-de-ploermel.fr\/wp-content\/uploads\/2024\/07\/image-185.png\" alt=\"\" class=\"wp-image-5466\" srcset=\"https:\/\/lettresdepoilus-pays-de-ploermel.fr\/wp-content\/uploads\/2024\/07\/image-185.png 324w, https:\/\/lettresdepoilus-pays-de-ploermel.fr\/wp-content\/uploads\/2024\/07\/image-185-187x300.png 187w\" sizes=\"(max-width: 324px) 100vw, 324px\" \/><\/a><\/figure>\n<\/div>\n\n\n\n<div class=\"wp-block-column is-layout-flow wp-block-column-is-layout-flow\">\n<figure class=\"wp-block-image size-full\"><a href=\"https:\/\/argonnaute.parisnanterre.fr\/ark:\/14707\/sjbnc70rf1x6\/aed9b4c3-cc7f-4983-aa6e-f1c45a6e6825\" target=\"_blank\" rel=\"noreferrer noopener\"><img decoding=\"async\" width=\"349\" height=\"516\" src=\"https:\/\/lettresdepoilus-pays-de-ploermel.fr\/wp-content\/uploads\/2024\/07\/image-186.png\" alt=\"\" class=\"wp-image-5467\" srcset=\"https:\/\/lettresdepoilus-pays-de-ploermel.fr\/wp-content\/uploads\/2024\/07\/image-186.png 349w, https:\/\/lettresdepoilus-pays-de-ploermel.fr\/wp-content\/uploads\/2024\/07\/image-186-203x300.png 203w\" sizes=\"(max-width: 349px) 100vw, 349px\" \/><\/a><\/figure>\n<\/div>\n<\/div>\n\n\n\n<p class=\"has-text-align-center\">Biblioth\u00e8que num\u00e9rique la Contemporaine.<\/p>\n","protected":false},"excerpt":{"rendered":"<p>Pierre Joachim BLANCHE est n\u00e9 le 30 juillet 1897 \u00e0 Cruguel (Morbihan) et est d\u00e9c\u00e9d\u00e9 le 15 juin 1918 au Havre (Seine Inf\u00e9rieure) Il \u00e9tait incorpor\u00e9 au 26\u00e8me r\u00e9giment d&rsquo;Infanterie. Biblioth\u00e8que num\u00e9rique la Contemporaine.<\/p>\n","protected":false},"author":1,"featured_media":0,"comment_status":"closed","ping_status":"closed","sticky":false,"template":"","format":"standard","meta":{"iawp_total_views":0,"footnotes":""},"categories":[45],"tags":[58],"class_list":["post-7246","post","type-post","status-publish","format-standard","hentry","category--portraits","tag-cruguel"],"acf":[],"_links":{"self":[{"href":"https:\/\/lettresdepoilus-pays-de-ploermel.fr\/index.php\/wp-json\/wp\/v2\/posts\/7246","targetHints":{"allow":["GET"]}}],"collection":[{"href":"https:\/\/lettresdepoilus-pays-de-ploermel.fr\/index.php\/wp-json\/wp\/v2\/posts"}],"about":[{"href":"https:\/\/lettresdepoilus-pays-de-ploermel.fr\/index.php\/wp-json\/wp\/v2\/types\/post"}],"author":[{"embeddable":true,"href":"https:\/\/lettresdepoilus-pays-de-ploermel.fr\/index.php\/wp-json\/wp\/v2\/users\/1"}],"replies":[{"embeddable":true,"href":"https:\/\/lettresdepoilus-pays-de-ploermel.fr\/index.php\/wp-json\/wp\/v2\/comments?post=7246"}],"version-history":[{"count":1,"href":"https:\/\/lettresdepoilus-pays-de-ploermel.fr\/index.php\/wp-json\/wp\/v2\/posts\/7246\/revisions"}],"predecessor-version":[{"id":7248,"href":"https:\/\/lettresdepoilus-pays-de-ploermel.fr\/index.php\/wp-json\/wp\/v2\/posts\/7246\/revisions\/7248"}],"wp:attachment":[{"href":"https:\/\/lettresdepoilus-pays-de-ploermel.fr\/index.php\/wp-json\/wp\/v2\/media?parent=7246"}],"wp:term":[{"taxonomy":"category","embeddable":true,"href":"https:\/\/lettresdepoilus-pays-de-ploermel.fr\/index.php\/wp-json\/wp\/v2\/categories?post=7246"},{"taxonomy":"post_tag","embeddable":true,"href":"https:\/\/lettresdepoilus-pays-de-ploermel.fr\/index.php\/wp-json\/wp\/v2\/tags?post=7246"}],"curies":[{"name":"wp","href":"https:\/\/api.w.org\/{rel}","templated":true}]}}