{"id":6662,"date":"2024-08-27T21:11:46","date_gmt":"2024-08-27T19:11:46","guid":{"rendered":"https:\/\/lettresdepoilus-pays-de-ploermel.fr\/?p=6662"},"modified":"2025-01-28T09:13:43","modified_gmt":"2025-01-28T08:13:43","slug":"147eme-regiment-dinfanterie-1","status":"publish","type":"post","link":"https:\/\/lettresdepoilus-pays-de-ploermel.fr\/index.php\/2024\/08\/27\/147eme-regiment-dinfanterie-1\/","title":{"rendered":"147\u00e8me R\u00e9giment d&rsquo;Infanterie &#8211; 1"},"content":{"rendered":"\n<h2 class=\"wp-block-heading has-vivid-red-color has-text-color has-link-color wp-elements-aec61ddbb3ce84438fae9deb26590535\">Mauron<\/h2>\n\n\n\n<p><strong>Alexis Mathurin MORIN <\/strong>est n\u00e9 le 27 juillet 1894 \u00e0 Mauron (Morbihan) et est d\u00e9c\u00e9d\u00e9 le 2 mars 1915 \u00e0 Mesnil-l\u00e8s-Hurlus (Marne) <\/p>\n\n\n\n<p><strong>Pierre Marie ROUAUD<\/strong> est n\u00e9 le 11 avril 1882 \u00e0 Mauron (Morbihan) et est d\u00e9c\u00e9d\u00e9 le 11 mai 1915 \u00e0 Le Creusot (Sa\u00f4ne &amp; Loire) <\/p>\n\n\n\n<p><strong>Aim\u00e9 Joseph THEAUD<\/strong> est n\u00e9 le 13 septembre 1888 \u00e0 Mauron (Morbihan) et est d\u00e9c\u00e9d\u00e9 le le 5 novembre 1916 \u00e0 Fresnes (Somme)<\/p>\n\n\n\n<h2 class=\"wp-block-heading has-vivid-red-color has-text-color has-link-color wp-elements-98610e1e5ff83b5864e9b614d123218d\">N\u00e9ant-sur-Yvel<\/h2>\n\n\n\n<p><strong>Joseph Marie D\u00e9sir\u00e9 GUERIN <\/strong>est n\u00e9 le 31 octobre 1886 \u00e0 N\u00e9ant (Morbihan) et est d\u00e9c\u00e9d\u00e9 le 2 novembre 1915 \u00e0 Tahure (Marne)<\/p>\n\n\n\n<h2 class=\"wp-block-heading has-vivid-red-color has-text-color has-link-color wp-elements-b8c1c0ebdac2d51033a69a6c5d7f6c5d\">Concoret<\/h2>\n\n\n\n<p><strong>Alfred Marie EON <\/strong>est n\u00e9 le 15 octobre 1896 \u00e0 Concoret (Morbihan) et est d\u00e9c\u00e9d\u00e9 le 16 octobre 1916 \u00e0 Berny-en-Santerre (Somme)<\/p>\n\n\n\n<h2 class=\"wp-block-heading has-vivid-red-color has-text-color has-link-color wp-elements-0e851a36411da4062feeb9854373c836\">Josselin<\/h2>\n\n\n\n<p><strong>Henri RENAUD<\/strong> est n\u00e9 le 28 f\u00e9vrier 1889 \u00e0 Josselin (Morbihan) et est d\u00e9c\u00e9d\u00e9 le 6 avril 1915 \u00e0 Pareid (Meuse)<\/p>\n\n\n\n<h2 class=\"wp-block-heading has-vivid-red-color has-text-color has-link-color wp-elements-0d86a045dfab07d1d81c098bf38dba44\">Guillac<\/h2>\n\n\n\n<p><strong>Jean Marie Vincent LE GUEVEL<\/strong> est n\u00e9 le 16 octobre 1895 \u00e0 Pluherlin (Morbihan) et est d\u00e9c\u00e9d\u00e9 les 31 octobre 1915 \u00e0 Tahure (marne)  &#8211; <em>Il a eu \u00e0 peine le temps de souffler ses 20 bougies.<\/em><\/p>\n\n\n\n<p><\/p>\n\n\n\n<p><strong> <\/strong><\/p>\n\n\n\n<p class=\"has-text-align-center\">Ils \u00e9taient tous incorpor\u00e9s au 147\u00e8me R\u00e9giment d&rsquo;Infanterie.<\/p>\n\n\n<div class=\"wp-block-image\">\n<figure class=\"aligncenter size-full\"><img fetchpriority=\"high\" decoding=\"async\" width=\"293\" height=\"432\" src=\"https:\/\/lettresdepoilus-pays-de-ploermel.fr\/wp-content\/uploads\/2024\/07\/image-81.png\" alt=\"\" class=\"wp-image-4624\" srcset=\"https:\/\/lettresdepoilus-pays-de-ploermel.fr\/wp-content\/uploads\/2024\/07\/image-81.png 293w, https:\/\/lettresdepoilus-pays-de-ploermel.fr\/wp-content\/uploads\/2024\/07\/image-81-203x300.png 203w\" sizes=\"(max-width: 293px) 100vw, 293px\" \/><figcaption class=\"wp-element-caption\"><em>Soldat du 147\u00e8me R.I<\/em><\/figcaption><\/figure>\n<\/div>\n\n\n<div style=\"height:19px\" aria-hidden=\"true\" class=\"wp-block-spacer\"><\/div>\n\n\n\n<div data-wp-interactive=\"core\/file\" class=\"wp-block-file\"><object data-wp-bind--hidden=\"!state.hasPdfPreview\" hidden class=\"wp-block-file__embed\" data=\"https:\/\/lettresdepoilus-pays-de-ploermel.fr\/wp-content\/uploads\/2024\/07\/Historique_du_147e_regiment_dinfanterie_._bpt6k6331492p.pdf\" type=\"application\/pdf\" style=\"width:100%;height:600px\" aria-label=\"Contenu embarqu\u00e9 Historique_du_147e_regiment_dinfanterie_._bpt6k6331492p.\"><\/object><a id=\"wp-block-file--media-69478203-6840-4fbf-999a-a5531262544f\" href=\"https:\/\/lettresdepoilus-pays-de-ploermel.fr\/wp-content\/uploads\/2024\/07\/Historique_du_147e_regiment_dinfanterie_._bpt6k6331492p.pdf\">Historique_du_147e_regiment_dinfanterie_._bpt6k6331492p<\/a><a href=\"https:\/\/lettresdepoilus-pays-de-ploermel.fr\/wp-content\/uploads\/2024\/07\/Historique_du_147e_regiment_dinfanterie_._bpt6k6331492p.pdf\" class=\"wp-block-file__button wp-element-button\" download aria-describedby=\"wp-block-file--media-69478203-6840-4fbf-999a-a5531262544f\">T\u00e9l\u00e9charger<\/a><\/div>\n","protected":false},"excerpt":{"rendered":"<p>Mauron Alexis Mathurin MORIN est n\u00e9 le 27 juillet 1894 \u00e0 Mauron (Morbihan) et est d\u00e9c\u00e9d\u00e9 le 2 mars 1915 \u00e0 Mesnil-l\u00e8s-Hurlus (Marne) Pierre Marie ROUAUD est n\u00e9 le 11 avril 1882 \u00e0 Mauron (Morbihan) et est d\u00e9c\u00e9d\u00e9 le 11 mai 1915 \u00e0 Le Creusot (Sa\u00f4ne &amp; Loire) Aim\u00e9 Joseph THEAUD est n\u00e9 le 13 septembre 1888 \u00e0 Mauron (Morbihan) et est d\u00e9c\u00e9d\u00e9 le le 5 novembre 1916 \u00e0 Fresnes (Somme) N\u00e9ant-sur-Yvel Joseph Marie D\u00e9sir\u00e9 GUERIN est n\u00e9 le 31 octobre 1886 \u00e0 N\u00e9ant (Morbihan) et est d\u00e9c\u00e9d\u00e9 le 2 novembre 1915 \u00e0 Tahure (Marne) Concoret Alfred Marie EON est n\u00e9 le 15 octobre 1896 \u00e0 Concoret (Morbihan) et est d\u00e9c\u00e9d\u00e9 le 16 octobre 1916 \u00e0 Berny-en-Santerre (Somme) Josselin Henri RENAUD est n\u00e9 le 28 f\u00e9vrier 1889 \u00e0 Josselin (Morbihan) et est d\u00e9c\u00e9d\u00e9 le 6 avril 1915 \u00e0 Pareid (Meuse) Guillac Jean Marie Vincent LE GUEVEL est n\u00e9 le 16 octobre 1895 \u00e0 Pluherlin (Morbihan) et est d\u00e9c\u00e9d\u00e9 les 31 octobre 1915 \u00e0 Tahure (marne) &#8211; Il a eu \u00e0 peine le temps de souffler ses 20 bougies. Ils \u00e9taient tous incorpor\u00e9s au 147\u00e8me R\u00e9giment d&rsquo;Infanterie.<\/p>\n","protected":false},"author":1,"featured_media":0,"comment_status":"closed","ping_status":"closed","sticky":false,"template":"","format":"standard","meta":{"iawp_total_views":1,"footnotes":""},"categories":[66],"tags":[73],"class_list":["post-6662","post","type-post","status-publish","format-standard","hentry","category-regiments","tag-pays-de-ploermel"],"acf":[],"_links":{"self":[{"href":"https:\/\/lettresdepoilus-pays-de-ploermel.fr\/index.php\/wp-json\/wp\/v2\/posts\/6662","targetHints":{"allow":["GET"]}}],"collection":[{"href":"https:\/\/lettresdepoilus-pays-de-ploermel.fr\/index.php\/wp-json\/wp\/v2\/posts"}],"about":[{"href":"https:\/\/lettresdepoilus-pays-de-ploermel.fr\/index.php\/wp-json\/wp\/v2\/types\/post"}],"author":[{"embeddable":true,"href":"https:\/\/lettresdepoilus-pays-de-ploermel.fr\/index.php\/wp-json\/wp\/v2\/users\/1"}],"replies":[{"embeddable":true,"href":"https:\/\/lettresdepoilus-pays-de-ploermel.fr\/index.php\/wp-json\/wp\/v2\/comments?post=6662"}],"version-history":[{"count":6,"href":"https:\/\/lettresdepoilus-pays-de-ploermel.fr\/index.php\/wp-json\/wp\/v2\/posts\/6662\/revisions"}],"predecessor-version":[{"id":7909,"href":"https:\/\/lettresdepoilus-pays-de-ploermel.fr\/index.php\/wp-json\/wp\/v2\/posts\/6662\/revisions\/7909"}],"wp:attachment":[{"href":"https:\/\/lettresdepoilus-pays-de-ploermel.fr\/index.php\/wp-json\/wp\/v2\/media?parent=6662"}],"wp:term":[{"taxonomy":"category","embeddable":true,"href":"https:\/\/lettresdepoilus-pays-de-ploermel.fr\/index.php\/wp-json\/wp\/v2\/categories?post=6662"},{"taxonomy":"post_tag","embeddable":true,"href":"https:\/\/lettresdepoilus-pays-de-ploermel.fr\/index.php\/wp-json\/wp\/v2\/tags?post=6662"}],"curies":[{"name":"wp","href":"https:\/\/api.w.org\/{rel}","templated":true}]}}