{"id":6104,"date":"2024-08-11T11:51:10","date_gmt":"2024-08-11T09:51:10","guid":{"rendered":"https:\/\/lettresdepoilus-pays-de-ploermel.fr\/?p=6104"},"modified":"2024-08-11T11:51:10","modified_gmt":"2024-08-11T09:51:10","slug":"pierre-pelard","status":"publish","type":"post","link":"https:\/\/lettresdepoilus-pays-de-ploermel.fr\/index.php\/2024\/08\/11\/pierre-pelard\/","title":{"rendered":"Pierre PELARD"},"content":{"rendered":"\n<p>Pierre Marie PELARD est n\u00e9 le 18 septembre 1886 \u00e0 Camp\u00e9n\u00e9ac (Morbihan) et est d\u00e9c\u00e9d\u00e9 le 25 septembre \u00e0 Vienne le Ch\u00e2teau (Marne)<\/p>\n\n\n\n<p class=\"has-text-align-center\">Il \u00e9tait incorpor\u00e9 au 169\u00e8me R\u00e9giment d&rsquo;Infanterie.<\/p>\n\n\n\n<figure class=\"wp-block-image size-full\"><a href=\"https:\/\/memorial19141918.wordpress.com\/category\/169-ri\/\" target=\"_blank\" rel=\"noreferrer noopener\"><img fetchpriority=\"high\" decoding=\"async\" width=\"940\" height=\"198\" src=\"https:\/\/lettresdepoilus-pays-de-ploermel.fr\/wp-content\/uploads\/2024\/07\/image-71.png\" alt=\"\" class=\"wp-image-4514\" srcset=\"https:\/\/lettresdepoilus-pays-de-ploermel.fr\/wp-content\/uploads\/2024\/07\/image-71.png 940w, https:\/\/lettresdepoilus-pays-de-ploermel.fr\/wp-content\/uploads\/2024\/07\/image-71-300x63.png 300w, https:\/\/lettresdepoilus-pays-de-ploermel.fr\/wp-content\/uploads\/2024\/07\/image-71-768x162.png 768w\" sizes=\"(max-width: 940px) 100vw, 940px\" \/><\/a><\/figure>\n\n\n\n<p class=\"has-text-align-center\">Historique du 169\u00e8me r\u00e9giment d&rsquo;Infanterie.<\/p>\n\n\n\n<p><\/p>\n","protected":false},"excerpt":{"rendered":"<p>Pierre Marie PELARD est n\u00e9 le 18 septembre 1886 \u00e0 Camp\u00e9n\u00e9ac (Morbihan) et est d\u00e9c\u00e9d\u00e9 le 25 septembre \u00e0 Vienne le Ch\u00e2teau (Marne) Il \u00e9tait incorpor\u00e9 au 169\u00e8me R\u00e9giment d&rsquo;Infanterie. Historique du 169\u00e8me r\u00e9giment d&rsquo;Infanterie.<\/p>\n","protected":false},"author":1,"featured_media":0,"comment_status":"closed","ping_status":"closed","sticky":false,"template":"","format":"standard","meta":{"iawp_total_views":0,"footnotes":""},"categories":[45],"tags":[69],"class_list":["post-6104","post","type-post","status-publish","format-standard","hentry","category--portraits","tag-campeneac"],"acf":[],"_links":{"self":[{"href":"https:\/\/lettresdepoilus-pays-de-ploermel.fr\/index.php\/wp-json\/wp\/v2\/posts\/6104","targetHints":{"allow":["GET"]}}],"collection":[{"href":"https:\/\/lettresdepoilus-pays-de-ploermel.fr\/index.php\/wp-json\/wp\/v2\/posts"}],"about":[{"href":"https:\/\/lettresdepoilus-pays-de-ploermel.fr\/index.php\/wp-json\/wp\/v2\/types\/post"}],"author":[{"embeddable":true,"href":"https:\/\/lettresdepoilus-pays-de-ploermel.fr\/index.php\/wp-json\/wp\/v2\/users\/1"}],"replies":[{"embeddable":true,"href":"https:\/\/lettresdepoilus-pays-de-ploermel.fr\/index.php\/wp-json\/wp\/v2\/comments?post=6104"}],"version-history":[{"count":2,"href":"https:\/\/lettresdepoilus-pays-de-ploermel.fr\/index.php\/wp-json\/wp\/v2\/posts\/6104\/revisions"}],"predecessor-version":[{"id":6192,"href":"https:\/\/lettresdepoilus-pays-de-ploermel.fr\/index.php\/wp-json\/wp\/v2\/posts\/6104\/revisions\/6192"}],"wp:attachment":[{"href":"https:\/\/lettresdepoilus-pays-de-ploermel.fr\/index.php\/wp-json\/wp\/v2\/media?parent=6104"}],"wp:term":[{"taxonomy":"category","embeddable":true,"href":"https:\/\/lettresdepoilus-pays-de-ploermel.fr\/index.php\/wp-json\/wp\/v2\/categories?post=6104"},{"taxonomy":"post_tag","embeddable":true,"href":"https:\/\/lettresdepoilus-pays-de-ploermel.fr\/index.php\/wp-json\/wp\/v2\/tags?post=6104"}],"curies":[{"name":"wp","href":"https:\/\/api.w.org\/{rel}","templated":true}]}}