{"id":5767,"date":"2024-08-02T09:20:03","date_gmt":"2024-08-02T07:20:03","guid":{"rendered":"https:\/\/lettresdepoilus-pays-de-ploermel.fr\/?p=5767"},"modified":"2024-08-02T09:20:03","modified_gmt":"2024-08-02T07:20:03","slug":"jean-jagoudet","status":"publish","type":"post","link":"https:\/\/lettresdepoilus-pays-de-ploermel.fr\/index.php\/2024\/08\/02\/jean-jagoudet\/","title":{"rendered":"Jean JAGOUDET"},"content":{"rendered":"\n<p>Jean Marie JAGOUDET est n\u00e9 le 17 d\u00e9cembre 1882 \u00e0 Gr\u00e9e Saint-Laurent (Morbihan) et est d\u00e9c\u00e9d\u00e9 le 11 mai 1915 \u00e0 BERTHONVAL (Pas de Calais) &#8211; Sur la commune de Mont Saint-Eloi.<\/p>\n\n\n\n<p>Il \u00e9tait incorpor\u00e9 au 2\u00e8me R\u00e9giment de Marche 1er \u00c9tranger avec le grade de Sous-Lieutenant.<\/p>\n\n\n<div class=\"wp-block-image\">\n<figure class=\"aligncenter size-full\"><a href=\"https:\/\/fr.geneawiki.com\/wiki\/2%C3%A8me_R%C3%A9giment_de_Marche_du_1er_R%C3%A9giment_Etranger_-_1914-1918?mobileaction=toggle_view_desktop\" target=\"_blank\" rel=\"noreferrer noopener\"><img fetchpriority=\"high\" decoding=\"async\" width=\"513\" height=\"373\" src=\"https:\/\/lettresdepoilus-pays-de-ploermel.fr\/wp-content\/uploads\/2024\/08\/image-19.png\" alt=\"\" class=\"wp-image-5854\" srcset=\"https:\/\/lettresdepoilus-pays-de-ploermel.fr\/wp-content\/uploads\/2024\/08\/image-19.png 513w, https:\/\/lettresdepoilus-pays-de-ploermel.fr\/wp-content\/uploads\/2024\/08\/image-19-300x218.png 300w\" sizes=\"(max-width: 513px) 100vw, 513px\" \/><\/a><figcaption class=\"wp-element-caption\"><em>Source : Geneawiki<\/em><\/figcaption><\/figure>\n<\/div>","protected":false},"excerpt":{"rendered":"<p>Jean Marie JAGOUDET est n\u00e9 le 17 d\u00e9cembre 1882 \u00e0 Gr\u00e9e Saint-Laurent (Morbihan) et est d\u00e9c\u00e9d\u00e9 le 11 mai 1915 \u00e0 BERTHONVAL (Pas de Calais) &#8211; Sur la commune de Mont Saint-Eloi. Il \u00e9tait incorpor\u00e9 au 2\u00e8me R\u00e9giment de Marche 1er \u00c9tranger avec le grade de Sous-Lieutenant.<\/p>\n","protected":false},"author":1,"featured_media":0,"comment_status":"closed","ping_status":"closed","sticky":false,"template":"","format":"standard","meta":{"iawp_total_views":1,"footnotes":""},"categories":[45],"tags":[65],"class_list":["post-5767","post","type-post","status-publish","format-standard","hentry","category--portraits","tag-gree-saint-laurent"],"acf":[],"_links":{"self":[{"href":"https:\/\/lettresdepoilus-pays-de-ploermel.fr\/index.php\/wp-json\/wp\/v2\/posts\/5767","targetHints":{"allow":["GET"]}}],"collection":[{"href":"https:\/\/lettresdepoilus-pays-de-ploermel.fr\/index.php\/wp-json\/wp\/v2\/posts"}],"about":[{"href":"https:\/\/lettresdepoilus-pays-de-ploermel.fr\/index.php\/wp-json\/wp\/v2\/types\/post"}],"author":[{"embeddable":true,"href":"https:\/\/lettresdepoilus-pays-de-ploermel.fr\/index.php\/wp-json\/wp\/v2\/users\/1"}],"replies":[{"embeddable":true,"href":"https:\/\/lettresdepoilus-pays-de-ploermel.fr\/index.php\/wp-json\/wp\/v2\/comments?post=5767"}],"version-history":[{"count":2,"href":"https:\/\/lettresdepoilus-pays-de-ploermel.fr\/index.php\/wp-json\/wp\/v2\/posts\/5767\/revisions"}],"predecessor-version":[{"id":5855,"href":"https:\/\/lettresdepoilus-pays-de-ploermel.fr\/index.php\/wp-json\/wp\/v2\/posts\/5767\/revisions\/5855"}],"wp:attachment":[{"href":"https:\/\/lettresdepoilus-pays-de-ploermel.fr\/index.php\/wp-json\/wp\/v2\/media?parent=5767"}],"wp:term":[{"taxonomy":"category","embeddable":true,"href":"https:\/\/lettresdepoilus-pays-de-ploermel.fr\/index.php\/wp-json\/wp\/v2\/categories?post=5767"},{"taxonomy":"post_tag","embeddable":true,"href":"https:\/\/lettresdepoilus-pays-de-ploermel.fr\/index.php\/wp-json\/wp\/v2\/tags?post=5767"}],"curies":[{"name":"wp","href":"https:\/\/api.w.org\/{rel}","templated":true}]}}