{"id":5068,"date":"2024-07-22T13:53:55","date_gmt":"2024-07-22T11:53:55","guid":{"rendered":"https:\/\/saint-brieuc-de-mauron.com\/?p=5068"},"modified":"2025-04-16T20:58:58","modified_gmt":"2025-04-16T18:58:58","slug":"aime-coude-2","status":"publish","type":"post","link":"https:\/\/lettresdepoilus-pays-de-ploermel.fr\/index.php\/2024\/07\/22\/aime-coude-2\/","title":{"rendered":"Aim\u00e9 COUDE"},"content":{"rendered":"\n<p>Aim\u00e9 D\u00e9sir\u00e9 Marie COUDE est n\u00e9 le 8 avril 1880 \u00e0 MAURON (Morbihan) et est d\u00e9c\u00e9d\u00e9 le 22 juin 1916 \u00e0 CAUROY (Marne)<\/p>\n\n\n\n<p class=\"has-text-align-center\">Il \u00e9tait incorpor\u00e9 au 316\u00e8me R\u00e9giment d&rsquo;Infanterie.<\/p>\n\n\n\n<figure class=\"wp-block-image size-full\"><a href=\"https:\/\/memorial19141918.wordpress.com\/category\/316-ri\/\" target=\"_blank\" rel=\"noreferrer noopener\"><img fetchpriority=\"high\" decoding=\"async\" width=\"940\" height=\"198\" src=\"https:\/\/lettresdepoilus-pays-de-ploermel.fr\/wp-content\/uploads\/2024\/07\/image-71.png\" alt=\"\" class=\"wp-image-4514\" srcset=\"https:\/\/lettresdepoilus-pays-de-ploermel.fr\/wp-content\/uploads\/2024\/07\/image-71.png 940w, https:\/\/lettresdepoilus-pays-de-ploermel.fr\/wp-content\/uploads\/2024\/07\/image-71-300x63.png 300w, https:\/\/lettresdepoilus-pays-de-ploermel.fr\/wp-content\/uploads\/2024\/07\/image-71-768x162.png 768w\" sizes=\"(max-width: 940px) 100vw, 940px\" \/><\/a><\/figure>\n\n\n\n<p>M\u00e9morial des R\u00e9giments : 316\u00e8me R.I.<\/p>\n\n\n\n<p><\/p>\n","protected":false},"excerpt":{"rendered":"<p>Aim\u00e9 D\u00e9sir\u00e9 Marie COUDE est n\u00e9 le 8 avril 1880 \u00e0 MAURON (Morbihan) et est d\u00e9c\u00e9d\u00e9 le 22 juin 1916 \u00e0 CAUROY (Marne) Il \u00e9tait incorpor\u00e9 au 316\u00e8me R\u00e9giment d&rsquo;Infanterie. M\u00e9morial des R\u00e9giments : 316\u00e8me R.I.<\/p>\n","protected":false},"author":1,"featured_media":0,"comment_status":"closed","ping_status":"closed","sticky":false,"template":"","format":"standard","meta":{"iawp_total_views":1,"footnotes":""},"categories":[45],"tags":[57],"class_list":["post-5068","post","type-post","status-publish","format-standard","hentry","category--portraits","tag-mauron"],"acf":[],"_links":{"self":[{"href":"https:\/\/lettresdepoilus-pays-de-ploermel.fr\/index.php\/wp-json\/wp\/v2\/posts\/5068","targetHints":{"allow":["GET"]}}],"collection":[{"href":"https:\/\/lettresdepoilus-pays-de-ploermel.fr\/index.php\/wp-json\/wp\/v2\/posts"}],"about":[{"href":"https:\/\/lettresdepoilus-pays-de-ploermel.fr\/index.php\/wp-json\/wp\/v2\/types\/post"}],"author":[{"embeddable":true,"href":"https:\/\/lettresdepoilus-pays-de-ploermel.fr\/index.php\/wp-json\/wp\/v2\/users\/1"}],"replies":[{"embeddable":true,"href":"https:\/\/lettresdepoilus-pays-de-ploermel.fr\/index.php\/wp-json\/wp\/v2\/comments?post=5068"}],"version-history":[{"count":3,"href":"https:\/\/lettresdepoilus-pays-de-ploermel.fr\/index.php\/wp-json\/wp\/v2\/posts\/5068\/revisions"}],"predecessor-version":[{"id":5112,"href":"https:\/\/lettresdepoilus-pays-de-ploermel.fr\/index.php\/wp-json\/wp\/v2\/posts\/5068\/revisions\/5112"}],"wp:attachment":[{"href":"https:\/\/lettresdepoilus-pays-de-ploermel.fr\/index.php\/wp-json\/wp\/v2\/media?parent=5068"}],"wp:term":[{"taxonomy":"category","embeddable":true,"href":"https:\/\/lettresdepoilus-pays-de-ploermel.fr\/index.php\/wp-json\/wp\/v2\/categories?post=5068"},{"taxonomy":"post_tag","embeddable":true,"href":"https:\/\/lettresdepoilus-pays-de-ploermel.fr\/index.php\/wp-json\/wp\/v2\/tags?post=5068"}],"curies":[{"name":"wp","href":"https:\/\/api.w.org\/{rel}","templated":true}]}}