{"id":4160,"date":"2024-07-09T11:55:39","date_gmt":"2024-07-09T09:55:39","guid":{"rendered":"https:\/\/saint-brieuc-de-mauron.com\/?p=4160"},"modified":"2024-07-17T09:10:34","modified_gmt":"2024-07-17T07:10:34","slug":"jean-pellerin","status":"publish","type":"post","link":"https:\/\/lettresdepoilus-pays-de-ploermel.fr\/index.php\/2024\/07\/09\/jean-pellerin\/","title":{"rendered":"Jean PELLERIN"},"content":{"rendered":"\n<p>Jean marie PELLERIN est n\u00e9 \u00e0 Montertelot (Morbihan) le 27 septembre 1885 et est d\u00e9c\u00e9d\u00e9 le 27 septembre 1915 \u00e0 RIPONT (Marne)<\/p>\n\n\n\n<p class=\"has-text-align-center\">Il \u00e9tait incorpor\u00e9 au R\u00e9giment du 9\u00e8me Zouaves.<\/p>\n\n\n\n<div style=\"height:20px\" aria-hidden=\"true\" class=\"wp-block-spacer\"><\/div>\n\n\n\n<p class=\"has-text-align-center\">Il \u00e9tait incorpor\u00e9 au 9\u00e8me R\u00e9giment de Zouaves. J&rsquo;ai une pens\u00e9e particuli\u00e8re pour ce soldat, car mon p\u00e8re, Pierre ROGEMONT, a \u00e9t\u00e9 incorpor\u00e9 dans ce m\u00eame r\u00e9giment pendant la deuxi\u00e8me guerre mondiale.<\/p>\n\n\n\n<div style=\"height:20px\" aria-hidden=\"true\" class=\"wp-block-spacer\"><\/div>\n\n\n\n<div class=\"wp-block-columns is-layout-flex wp-container-core-columns-is-layout-9d6595d7 wp-block-columns-is-layout-flex\">\n<div class=\"wp-block-column is-layout-flow wp-block-column-is-layout-flow\">\n<figure class=\"wp-block-image size-full\"><img fetchpriority=\"high\" decoding=\"async\" width=\"325\" height=\"597\" src=\"https:\/\/lettresdepoilus-pays-de-ploermel.fr\/wp-content\/uploads\/2024\/07\/image-15.png\" alt=\"\" class=\"wp-image-4000\" srcset=\"https:\/\/lettresdepoilus-pays-de-ploermel.fr\/wp-content\/uploads\/2024\/07\/image-15.png 325w, https:\/\/lettresdepoilus-pays-de-ploermel.fr\/wp-content\/uploads\/2024\/07\/image-15-163x300.png 163w\" sizes=\"(max-width: 325px) 100vw, 325px\" \/><\/figure>\n<\/div>\n\n\n\n<div class=\"wp-block-column is-layout-flow wp-block-column-is-layout-flow\">\n<figure class=\"wp-block-image size-full is-resized\"><img decoding=\"async\" width=\"509\" height=\"386\" src=\"https:\/\/lettresdepoilus-pays-de-ploermel.fr\/wp-content\/uploads\/2024\/07\/image-16.png\" alt=\"\" class=\"wp-image-4001\" style=\"width:516px;height:auto\" srcset=\"https:\/\/lettresdepoilus-pays-de-ploermel.fr\/wp-content\/uploads\/2024\/07\/image-16.png 509w, https:\/\/lettresdepoilus-pays-de-ploermel.fr\/wp-content\/uploads\/2024\/07\/image-16-300x228.png 300w\" sizes=\"(max-width: 509px) 100vw, 509px\" \/><\/figure>\n<\/div>\n<\/div>\n\n\n<div class=\"wp-block-image\">\n<figure class=\"aligncenter size-full\"><a href=\"https:\/\/lettresdepoilus-pays-de-ploermel.fr\/wp-content\/uploads\/2024\/07\/Historique_du_9e_regiment_de_._bpt6k6327260m.pdf\" target=\"_blank\" rel=\"noreferrer noopener\"><img decoding=\"async\" width=\"189\" height=\"267\" src=\"https:\/\/lettresdepoilus-pays-de-ploermel.fr\/wp-content\/uploads\/2024\/07\/9Z.jpg\" alt=\"\" class=\"wp-image-4162\"\/><\/a><figcaption class=\"wp-element-caption\"><em>Cliquez sur l&rsquo;image pour lire l&rsquo;historique<\/em><\/figcaption><\/figure>\n<\/div>","protected":false},"excerpt":{"rendered":"<p>Jean marie PELLERIN est n\u00e9 \u00e0 Montertelot (Morbihan) le 27 septembre 1885 et est d\u00e9c\u00e9d\u00e9 le 27 septembre 1915 \u00e0 RIPONT (Marne) Il \u00e9tait incorpor\u00e9 au R\u00e9giment du 9\u00e8me Zouaves. Il \u00e9tait incorpor\u00e9 au 9\u00e8me R\u00e9giment de Zouaves. J&rsquo;ai une pens\u00e9e particuli\u00e8re pour ce soldat, car mon p\u00e8re, Pierre ROGEMONT, a \u00e9t\u00e9 incorpor\u00e9 dans ce m\u00eame r\u00e9giment pendant la deuxi\u00e8me guerre mondiale.<\/p>\n","protected":false},"author":1,"featured_media":0,"comment_status":"closed","ping_status":"closed","sticky":false,"template":"","format":"standard","meta":{"iawp_total_views":1,"footnotes":""},"categories":[45],"tags":[52],"class_list":["post-4160","post","type-post","status-publish","format-standard","hentry","category--portraits","tag-montertelot"],"acf":[],"_links":{"self":[{"href":"https:\/\/lettresdepoilus-pays-de-ploermel.fr\/index.php\/wp-json\/wp\/v2\/posts\/4160","targetHints":{"allow":["GET"]}}],"collection":[{"href":"https:\/\/lettresdepoilus-pays-de-ploermel.fr\/index.php\/wp-json\/wp\/v2\/posts"}],"about":[{"href":"https:\/\/lettresdepoilus-pays-de-ploermel.fr\/index.php\/wp-json\/wp\/v2\/types\/post"}],"author":[{"embeddable":true,"href":"https:\/\/lettresdepoilus-pays-de-ploermel.fr\/index.php\/wp-json\/wp\/v2\/users\/1"}],"replies":[{"embeddable":true,"href":"https:\/\/lettresdepoilus-pays-de-ploermel.fr\/index.php\/wp-json\/wp\/v2\/comments?post=4160"}],"version-history":[{"count":2,"href":"https:\/\/lettresdepoilus-pays-de-ploermel.fr\/index.php\/wp-json\/wp\/v2\/posts\/4160\/revisions"}],"predecessor-version":[{"id":4163,"href":"https:\/\/lettresdepoilus-pays-de-ploermel.fr\/index.php\/wp-json\/wp\/v2\/posts\/4160\/revisions\/4163"}],"wp:attachment":[{"href":"https:\/\/lettresdepoilus-pays-de-ploermel.fr\/index.php\/wp-json\/wp\/v2\/media?parent=4160"}],"wp:term":[{"taxonomy":"category","embeddable":true,"href":"https:\/\/lettresdepoilus-pays-de-ploermel.fr\/index.php\/wp-json\/wp\/v2\/categories?post=4160"},{"taxonomy":"post_tag","embeddable":true,"href":"https:\/\/lettresdepoilus-pays-de-ploermel.fr\/index.php\/wp-json\/wp\/v2\/tags?post=4160"}],"curies":[{"name":"wp","href":"https:\/\/api.w.org\/{rel}","templated":true}]}}