{"id":4150,"date":"2024-07-09T11:20:24","date_gmt":"2024-07-09T09:20:24","guid":{"rendered":"https:\/\/saint-brieuc-de-mauron.com\/?p=4150"},"modified":"2024-07-17T09:08:49","modified_gmt":"2024-07-17T07:08:49","slug":"jean-goulu","status":"publish","type":"post","link":"https:\/\/lettresdepoilus-pays-de-ploermel.fr\/index.php\/2024\/07\/09\/jean-goulu\/","title":{"rendered":"Jean GOULU"},"content":{"rendered":"\n<p>Jean Marie GOULU est n\u00e9 \u00e0 Montertelot (Morbihan) le 18 ao\u00fbt 1881 et est d\u00e9c\u00e9d\u00e9 le 22 novembre 1914 au Bois de la Gruerie en Argonne.<\/p>\n\n\n\n<p class=\"has-text-align-center\">Il \u00e9tait incorpor\u00e9 au 2\u00e8me R\u00e9giment d&rsquo;Infanterie Colonial. <\/p>\n\n\n\n<div style=\"height:20px\" aria-hidden=\"true\" class=\"wp-block-spacer\"><\/div>\n\n\n\n<p>Le 2e r\u00e9giment d&rsquo;infanterie coloniale\u00a0est mobilis\u00e9 \u00e0 Brest, sous les ordres du colonel ALLOIS, \u00e0 l&rsquo;effectif de 3.326 hommes (pour la plupart Bretons d&rsquo;origine) et 69 officiers. Il quitte cette ville le 8 ao\u00fbt 1914.<\/p>\n\n\n\n<p>C&rsquo;est un R\u00e9giment martyr dont plus de 20.000 hommes ont \u00e9t\u00e9 tu\u00e9s et bless\u00e9s. Ce R\u00e9giment a combattu sur les fronts les plus meurtriers, en Belgique, en Argonne, dans la Meuse, \u00e0 Verdun, dans la Somme, en Lorraine et cetera. <\/p>\n\n\n\n<div style=\"height:20px\" aria-hidden=\"true\" class=\"wp-block-spacer\"><\/div>\n\n\n\n<div class=\"wp-block-columns is-layout-flex wp-container-core-columns-is-layout-9d6595d7 wp-block-columns-is-layout-flex\">\n<div class=\"wp-block-column is-layout-flow wp-block-column-is-layout-flow\"><div class=\"wp-block-image\">\n<figure class=\"aligncenter size-full\"><img fetchpriority=\"high\" decoding=\"async\" width=\"718\" height=\"512\" src=\"https:\/\/lettresdepoilus-pays-de-ploermel.fr\/wp-content\/uploads\/2024\/07\/2eRI.jpg\" alt=\"\" class=\"wp-image-4151\" srcset=\"https:\/\/lettresdepoilus-pays-de-ploermel.fr\/wp-content\/uploads\/2024\/07\/2eRI.jpg 718w, https:\/\/lettresdepoilus-pays-de-ploermel.fr\/wp-content\/uploads\/2024\/07\/2eRI-300x214.jpg 300w\" sizes=\"(max-width: 718px) 100vw, 718px\" \/><figcaption class=\"wp-element-caption\"><em>2\u00e8me R\u00e9giment d&rsquo;Infanterie Coloniale &#8211; 1914<\/em><\/figcaption><\/figure>\n<\/div><\/div>\n\n\n\n<div class=\"wp-block-column is-layout-flow wp-block-column-is-layout-flow\"><div class=\"wp-block-image\">\n<figure class=\"aligncenter size-full is-resized\"><img decoding=\"async\" width=\"654\" height=\"417\" src=\"https:\/\/lettresdepoilus-pays-de-ploermel.fr\/wp-content\/uploads\/2024\/07\/image-24.png\" alt=\"\" class=\"wp-image-4152\" style=\"width:467px;height:auto\" srcset=\"https:\/\/lettresdepoilus-pays-de-ploermel.fr\/wp-content\/uploads\/2024\/07\/image-24.png 654w, https:\/\/lettresdepoilus-pays-de-ploermel.fr\/wp-content\/uploads\/2024\/07\/image-24-300x191.png 300w\" sizes=\"(max-width: 654px) 100vw, 654px\" \/><figcaption class=\"wp-element-caption\"><em>2\u00e8me R\u00e9giment d&rsquo;Infanterie Coloniale &#8211; 1914<\/em><\/figcaption><\/figure>\n<\/div><\/div>\n<\/div>\n\n\n\n<div style=\"height:20px\" aria-hidden=\"true\" class=\"wp-block-spacer\"><\/div>\n","protected":false},"excerpt":{"rendered":"<p>Jean Marie GOULU est n\u00e9 \u00e0 Montertelot (Morbihan) le 18 ao\u00fbt 1881 et est d\u00e9c\u00e9d\u00e9 le 22 novembre 1914 au Bois de la Gruerie en Argonne. Il \u00e9tait incorpor\u00e9 au 2\u00e8me R\u00e9giment d&rsquo;Infanterie Colonial. Le 2e r\u00e9giment d&rsquo;infanterie coloniale\u00a0est mobilis\u00e9 \u00e0 Brest, sous les ordres du colonel ALLOIS, \u00e0 l&rsquo;effectif de 3.326 hommes (pour la plupart Bretons d&rsquo;origine) et 69 officiers. Il quitte cette ville le 8 ao\u00fbt 1914. C&rsquo;est un R\u00e9giment martyr dont plus de 20.000 hommes ont \u00e9t\u00e9 tu\u00e9s et bless\u00e9s. Ce R\u00e9giment a combattu sur les fronts les plus meurtriers, en Belgique, en Argonne, dans la Meuse, \u00e0 Verdun, dans la Somme, en Lorraine et cetera.<\/p>\n","protected":false},"author":1,"featured_media":0,"comment_status":"closed","ping_status":"closed","sticky":false,"template":"","format":"standard","meta":{"iawp_total_views":1,"footnotes":""},"categories":[45],"tags":[52],"class_list":["post-4150","post","type-post","status-publish","format-standard","hentry","category--portraits","tag-montertelot"],"acf":[],"_links":{"self":[{"href":"https:\/\/lettresdepoilus-pays-de-ploermel.fr\/index.php\/wp-json\/wp\/v2\/posts\/4150","targetHints":{"allow":["GET"]}}],"collection":[{"href":"https:\/\/lettresdepoilus-pays-de-ploermel.fr\/index.php\/wp-json\/wp\/v2\/posts"}],"about":[{"href":"https:\/\/lettresdepoilus-pays-de-ploermel.fr\/index.php\/wp-json\/wp\/v2\/types\/post"}],"author":[{"embeddable":true,"href":"https:\/\/lettresdepoilus-pays-de-ploermel.fr\/index.php\/wp-json\/wp\/v2\/users\/1"}],"replies":[{"embeddable":true,"href":"https:\/\/lettresdepoilus-pays-de-ploermel.fr\/index.php\/wp-json\/wp\/v2\/comments?post=4150"}],"version-history":[{"count":2,"href":"https:\/\/lettresdepoilus-pays-de-ploermel.fr\/index.php\/wp-json\/wp\/v2\/posts\/4150\/revisions"}],"predecessor-version":[{"id":4154,"href":"https:\/\/lettresdepoilus-pays-de-ploermel.fr\/index.php\/wp-json\/wp\/v2\/posts\/4150\/revisions\/4154"}],"wp:attachment":[{"href":"https:\/\/lettresdepoilus-pays-de-ploermel.fr\/index.php\/wp-json\/wp\/v2\/media?parent=4150"}],"wp:term":[{"taxonomy":"category","embeddable":true,"href":"https:\/\/lettresdepoilus-pays-de-ploermel.fr\/index.php\/wp-json\/wp\/v2\/categories?post=4150"},{"taxonomy":"post_tag","embeddable":true,"href":"https:\/\/lettresdepoilus-pays-de-ploermel.fr\/index.php\/wp-json\/wp\/v2\/tags?post=4150"}],"curies":[{"name":"wp","href":"https:\/\/api.w.org\/{rel}","templated":true}]}}