{"id":4053,"date":"2024-07-08T10:00:16","date_gmt":"2024-07-08T08:00:16","guid":{"rendered":"https:\/\/saint-brieuc-de-mauron.com\/?p=4053"},"modified":"2025-12-21T10:02:38","modified_gmt":"2025-12-21T09:02:38","slug":"commune-de-meneac","status":"publish","type":"post","link":"https:\/\/lettresdepoilus-pays-de-ploermel.fr\/index.php\/2024\/07\/08\/commune-de-meneac\/","title":{"rendered":"M\u00e9n\u00e9ac"},"content":{"rendered":"\n<h3 class=\"wp-block-heading has-text-align-center has-medium-font-size\"><strong>Lors des combats de la premi\u00e8re guerre mondiale,&nbsp;172&nbsp;soldats originaires de la commune tomberont au Champ d&rsquo;Honneur.<\/strong><\/h3>\n\n\n\n<div style=\"height:20px\" aria-hidden=\"true\" class=\"wp-block-spacer\"><\/div>\n\n\n\n<hr class=\"wp-block-separator has-alpha-channel-opacity\"\/>\n\n\n\n<div style=\"height:20px\" aria-hidden=\"true\" class=\"wp-block-spacer\"><\/div>\n\n\n\n<div class=\"wp-block-columns is-layout-flex wp-container-core-columns-is-layout-9d6595d7 wp-block-columns-is-layout-flex\">\n<div class=\"wp-block-column is-layout-flow wp-block-column-is-layout-flow\">\n<ul class=\"wp-block-list\">\n<li><a href=\"https:\/\/lettresdepoilus-pays-de-ploermel.fr\/index.php\/2024\/12\/03\/pierre-allain\/\" target=\"_blank\" rel=\"noreferrer noopener\"><strong>Pierre ALLAIN<\/strong><\/a><\/li>\n\n\n\n<li><a href=\"https:\/\/lettresdepoilus-pays-de-ploermel.fr\/index.php\/2024\/12\/03\/laurent-anger\/\" target=\"_blank\" rel=\"noreferrer noopener\"><strong>Laurent ANGER<\/strong><\/a><\/li>\n\n\n\n<li><a href=\"https:\/\/lettresdepoilus-pays-de-ploermel.fr\/index.php\/2024\/12\/03\/jean-barbe\/\" target=\"_blank\" rel=\"noreferrer noopener\"><strong>Jean BARB\u00c9<\/strong><\/a><\/li>\n\n\n\n<li><a href=\"https:\/\/lettresdepoilus-pays-de-ploermel.fr\/index.php\/2024\/12\/03\/eugene-belot\/\" target=\"_blank\" rel=\"noreferrer noopener\"><strong>Eug\u00e8ne BELOT<\/strong><\/a><\/li>\n\n\n\n<li><a href=\"https:\/\/lettresdepoilus-pays-de-ploermel.fr\/index.php\/2024\/12\/03\/jean-beurel\/\" target=\"_blank\" rel=\"noreferrer noopener\"><strong>Jean BEUREL<\/strong><\/a><\/li>\n\n\n\n<li><a href=\"https:\/\/lettresdepoilus-pays-de-ploermel.fr\/index.php\/2024\/12\/03\/pierre-bouedo-3\/\" target=\"_blank\" rel=\"noreferrer noopener\"><strong>Pierre BOUEDO<\/strong><\/a><\/li>\n\n\n\n<li><a href=\"https:\/\/lettresdepoilus-pays-de-ploermel.fr\/index.php\/2024\/11\/01\/116eme-regiment-dinfanterie-meneac\/\" rel=\"nofollow\"><strong>Aim\u00e9 CADORET<\/strong><\/a><\/li>\n\n\n\n<li><a href=\"https:\/\/lettresdepoilus-pays-de-ploermel.fr\/index.php\/2024\/12\/03\/pierre-carre\/\" target=\"_blank\" rel=\"noreferrer noopener\"><strong>Pierre CARR\u00c9<\/strong><\/a><\/li>\n\n\n\n<li><a href=\"https:\/\/lettresdepoilus-pays-de-ploermel.fr\/index.php\/2024\/11\/01\/116eme-regiment-dinfanterie-meneac\/\" rel=\"nofollow\"><strong>Alexandre CHANTOUX<\/strong><\/a><\/li>\n\n\n\n<li><a href=\"https:\/\/lettresdepoilus-pays-de-ploermel.fr\/index.php\/2024\/12\/04\/alexis-chartier\/\" target=\"_blank\" rel=\"noreferrer noopener\"><strong>Alexis CHARTIER<\/strong><\/a><\/li>\n\n\n\n<li><a href=\"https:\/\/lettresdepoilus-pays-de-ploermel.fr\/index.php\/2024\/12\/04\/alexandre-chasboeuf\/\" target=\"_blank\" rel=\"noreferrer noopener\"><strong>Alexandre CHASSEB\u0152UF<\/strong><\/a><\/li>\n\n\n\n<li><a href=\"https:\/\/lettresdepoilus-pays-de-ploermel.fr\/index.php\/2024\/12\/04\/pierre-chaumorcel\/\" target=\"_blank\" rel=\"noreferrer noopener\"><strong>Pierre CHAUMORCEL<\/strong><\/a><\/li>\n\n\n\n<li><a href=\"https:\/\/lettresdepoilus-pays-de-ploermel.fr\/index.php\/2024\/12\/04\/joseph-collette\/\" target=\"_blank\" rel=\"noreferrer noopener\"><strong>Joseph COLLETTE<\/strong><\/a><\/li>\n\n\n\n<li><a href=\"https:\/\/lettresdepoilus-pays-de-ploermel.fr\/index.php\/2024\/11\/01\/316eme-regiment-dinfanterie-meneac\/\" rel=\"nofollow\"><strong>Jean DANET<\/strong><\/a><\/li>\n\n\n\n<li><a href=\"https:\/\/lettresdepoilus-pays-de-ploermel.fr\/index.php\/2024\/11\/01\/316eme-regiment-dinfanterie-meneac\/\" rel=\"nofollow\"><strong>Jean DAVID<\/strong><\/a><\/li>\n\n\n\n<li><a href=\"https:\/\/lettresdepoilus-pays-de-ploermel.fr\/index.php\/2024\/11\/01\/316eme-regiment-dinfanterie-meneac\/\" rel=\"nofollow\"><strong>Joseph DESLANDES<\/strong><\/a><\/li>\n\n\n\n<li><a href=\"https:\/\/lettresdepoilus-pays-de-ploermel.fr\/index.php\/2024\/12\/05\/louis-dolo\/\" target=\"_blank\" rel=\"noreferrer noopener\"><strong>Louis DOLO<\/strong><\/a><\/li>\n\n\n\n<li><a href=\"https:\/\/lettresdepoilus-pays-de-ploermel.fr\/index.php\/2024\/11\/01\/70eme-regiment-dinfanterie-meneac\/\" rel=\"nofollow\"><strong>Alexandre GASTARD<\/strong><\/a><\/li>\n\n\n\n<li><a href=\"https:\/\/lettresdepoilus-pays-de-ploermel.fr\/index.php\/2024\/12\/09\/victor-gastard\/\" target=\"_blank\" rel=\"noreferrer noopener\"><strong>Victor GASTARD<\/strong><\/a><\/li>\n\n\n\n<li><a href=\"https:\/\/lettresdepoilus-pays-de-ploermel.fr\/index.php\/2024\/12\/09\/jean-gaudaire\/\" target=\"_blank\" rel=\"noreferrer noopener\"><strong>Jean GAUDAIRE<\/strong><\/a><\/li>\n\n\n\n<li><a href=\"https:\/\/lettresdepoilus-pays-de-ploermel.fr\/index.php\/2024\/12\/09\/alexandre-gourier\/\" target=\"_blank\" rel=\"noreferrer noopener\"><strong>Alexandre GOURIER<\/strong><\/a><\/li>\n\n\n\n<li><a href=\"https:\/\/lettresdepoilus-pays-de-ploermel.fr\/index.php\/2024\/12\/10\/jean-gloret\/\" target=\"_blank\" rel=\"noreferrer noopener\"><strong>Jean GLORET<\/strong><\/a><\/li>\n\n\n\n<li><a href=\"https:\/\/lettresdepoilus-pays-de-ploermel.fr\/index.php\/2024\/11\/01\/316eme-regiment-dinfanterie-meneac\/\"><strong>Alexandre GUILLE<\/strong><\/a><a href=\"https:\/\/lettresdepoilus-pays-de-ploermel.fr\/index.php\/2024\/11\/01\/316eme-regiment-dinfanterie-meneac\/\" rel=\"nofollow\"><strong>M<\/strong><\/a><a href=\"https:\/\/lettresdepoilus-pays-de-ploermel.fr\/index.php\/2024\/11\/01\/316eme-regiment-dinfanterie-meneac\/\"><strong>IN<\/strong><\/a><\/li>\n\n\n\n<li><a href=\"https:\/\/lettresdepoilus-pays-de-ploermel.fr\/index.php\/2024\/11\/03\/41eme-regiment-dinfanterie-meneac\/\" rel=\"nofollow\"><strong>Victor GUILLEMAUD<\/strong><\/a><\/li>\n\n\n\n<li><a href=\"https:\/\/lettresdepoilus-pays-de-ploermel.fr\/index.php\/2024\/12\/10\/eugene-guillemot-2\/\" target=\"_blank\" rel=\"noreferrer noopener\"><strong>Eug\u00e8ne GUILLEMOT<\/strong><\/a><\/li>\n\n\n\n<li><a href=\"https:\/\/lettresdepoilus-pays-de-ploermel.fr\/index.php\/2024\/12\/10\/alexandre-hameon\/\" target=\"_blank\" rel=\"noreferrer noopener\"><strong>Alexandre HAM\u00c9ON<\/strong><\/a><\/li>\n\n\n\n<li><a href=\"https:\/\/lettresdepoilus-pays-de-ploermel.fr\/index.php\/2024\/11\/01\/116eme-regiment-dinfanterie-meneac\/\" rel=\"nofollow\"><strong>Alexandre HERV\u00c9<\/strong><\/a><\/li>\n\n\n\n<li><a href=\"https:\/\/lettresdepoilus-pays-de-ploermel.fr\/index.php\/2024\/12\/10\/joseph-hochet\/\" target=\"_blank\" rel=\"noreferrer noopener\"><strong>Joseph HOCHET<\/strong><\/a><\/li>\n\n\n\n<li><a href=\"https:\/\/lettresdepoilus-pays-de-ploermel.fr\/index.php\/2024\/11\/01\/316eme-regiment-dinfanterie-meneac\/\" rel=\"nofollow\"><strong>Alphonse JAMET<\/strong><\/a><\/li>\n\n\n\n<li><a href=\"https:\/\/lettresdepoilus-pays-de-ploermel.fr\/index.php\/2024\/11\/01\/118eme-regiment-dinfanterie-meneac\/\" rel=\"nofollow\"><strong>Joseph JEHANNET<\/strong><\/a><\/li>\n\n\n\n<li><a href=\"https:\/\/lettresdepoilus-pays-de-ploermel.fr\/index.php\/2024\/12\/10\/victor-jouet\/\" target=\"_blank\" rel=\"noreferrer noopener\"><strong>Victor JOUET<\/strong><\/a><\/li>\n\n\n\n<li><a href=\"https:\/\/lettresdepoilus-pays-de-ploermel.fr\/index.php\/2024\/11\/01\/116eme-regiment-dinfanterie-meneac\/\" rel=\"nofollow\"><strong>Fran\u00e7ois LARELLE<\/strong><\/a><\/li>\n\n\n\n<li><a href=\"https:\/\/lettresdepoilus-pays-de-ploermel.fr\/index.php\/2024\/12\/10\/francois-leray\/\" target=\"_blank\" rel=\"noreferrer noopener\"><strong>Fran\u00e7ois LERAY<\/strong><\/a><\/li>\n\n\n\n<li><a href=\"https:\/\/lettresdepoilus-pays-de-ploermel.fr\/index.php\/2024\/12\/10\/arsene-lorand\/\" target=\"_blank\" rel=\"noreferrer noopener\"><strong>Ars\u00e8ne LORAND<\/strong><\/a><\/li>\n\n\n\n<li><a href=\"https:\/\/lettresdepoilus-pays-de-ploermel.fr\/index.php\/2024\/12\/10\/joseph-lorfeuvre\/\" target=\"_blank\" rel=\"noreferrer noopener\"><strong>Joseph LORFEUVRE<\/strong><\/a><\/li>\n\n\n\n<li><a href=\"https:\/\/lettresdepoilus-pays-de-ploermel.fr\/index.php\/2024\/12\/09\/jean-marmignon\/\" target=\"_blank\" rel=\"noreferrer noopener\"><strong>Jean MARMIGNON<\/strong><\/a><\/li>\n\n\n\n<li><a href=\"https:\/\/lettresdepoilus-pays-de-ploermel.fr\/index.php\/2024\/12\/10\/alexandre-maucarre\/\" target=\"_blank\" rel=\"noreferrer noopener\"><strong>Alexandre MAUCARRE<\/strong><\/a><\/li>\n\n\n\n<li><a href=\"https:\/\/lettresdepoilus-pays-de-ploermel.fr\/index.php\/2024\/12\/10\/francois-moine\/\" target=\"_blank\" rel=\"noreferrer noopener\"><strong>Fran\u00e7ois MOINE<\/strong><\/a><\/li>\n\n\n\n<li><a href=\"https:\/\/lettresdepoilus-pays-de-ploermel.fr\/index.php\/2024\/12\/09\/pierre-moreul-3\/\" target=\"_blank\" rel=\"noreferrer noopener\"><strong>Pierre Marie MOREUL<\/strong><\/a><\/li>\n\n\n\n<li><a href=\"https:\/\/lettresdepoilus-pays-de-ploermel.fr\/index.php\/2024\/11\/01\/118eme-regiment-dinfanterie-meneac\/\" rel=\"nofollow\"><strong>Pierre MORIOT<\/strong><\/a><\/li>\n\n\n\n<li><a href=\"https:\/\/lettresdepoilus-pays-de-ploermel.fr\/index.php\/2024\/12\/10\/francois-nivet\/\" target=\"_blank\" rel=\"noreferrer noopener\"><strong>Fran\u00e7ois NIVET<\/strong><\/a><\/li>\n\n\n\n<li><a href=\"https:\/\/lettresdepoilus-pays-de-ploermel.fr\/index.php\/2024\/12\/09\/victor-oreal-2\/\" target=\"_blank\" rel=\"noreferrer noopener\"><strong>Victor \u00c9mile OR\u00c9AL<\/strong><\/a><\/li>\n\n\n\n<li><a href=\"https:\/\/lettresdepoilus-pays-de-ploermel.fr\/index.php\/2024\/11\/01\/116eme-regiment-dinfanterie-meneac\/\" rel=\"nofollow\"><strong>Pierre PENCOLE<\/strong><\/a><\/li>\n\n\n\n<li><a href=\"https:\/\/lettresdepoilus-pays-de-ploermel.fr\/index.php\/2024\/12\/10\/eugene-pinsault\/\" target=\"_blank\" rel=\"noreferrer noopener\"><strong>Eug\u00e8ne PINSAULT<\/strong><\/a><\/li>\n\n\n\n<li><a href=\"https:\/\/lettresdepoilus-pays-de-ploermel.fr\/index.php\/2024\/12\/10\/jean-portier\/\" target=\"_blank\" rel=\"noreferrer noopener\"><strong>Jean PORTIER<\/strong><\/a><\/li>\n\n\n\n<li><a href=\"https:\/\/lettresdepoilus-pays-de-ploermel.fr\/index.php\/2024\/12\/05\/joseph-posnic\/\" target=\"_blank\" rel=\"noreferrer noopener\"><strong>Joseph POSNIC<\/strong><\/a><\/li>\n\n\n\n<li><a href=\"https:\/\/lettresdepoilus-pays-de-ploermel.fr\/index.php\/2024\/12\/09\/alexis-raulet\/\" target=\"_blank\" rel=\"noreferrer noopener\"><strong>Alexis RAULET<\/strong><\/a><\/li>\n\n\n\n<li><a href=\"https:\/\/lettresdepoilus-pays-de-ploermel.fr\/index.php\/2024\/12\/09\/louis-rouvrais\/\" target=\"_blank\" rel=\"noreferrer noopener\"><strong>Louis ROUVRAIS<\/strong><\/a><\/li>\n\n\n\n<li><a href=\"https:\/\/lettresdepoilus-pays-de-ploermel.fr\/index.php\/2024\/12\/09\/henri-rouxel\/\" target=\"_blank\" rel=\"noreferrer noopener\"><strong>Henri ROUXEL<\/strong><\/a><\/li>\n\n\n\n<li><a href=\"https:\/\/lettresdepoilus-pays-de-ploermel.fr\/index.php\/2024\/11\/01\/116eme-regiment-dinfanterie-meneac\/\" rel=\"nofollow\"><strong>Paul ROUXEL<\/strong><\/a><\/li>\n\n\n\n<li><a href=\"https:\/\/lettresdepoilus-pays-de-ploermel.fr\/index.php\/2024\/11\/01\/70eme-regiment-dinfanterie-meneac\/\" rel=\"nofollow\"><strong>Jean RUELLO<\/strong><\/a><\/li>\n\n\n\n<li><a href=\"https:\/\/lettresdepoilus-pays-de-ploermel.fr\/index.php\/2024\/11\/01\/118eme-regiment-dinfanterie-meneac\/\" rel=\"nofollow\"><strong>Jean Pierre SAMSON<\/strong><\/a><\/li>\n\n\n\n<li><a href=\"https:\/\/lettresdepoilus-pays-de-ploermel.fr\/index.php\/2024\/11\/01\/118eme-regiment-dinfanterie-meneac\/\" rel=\"nofollow\"><strong>Victor SAMSON<\/strong><\/a><\/li>\n\n\n\n<li><a href=\"https:\/\/lettresdepoilus-pays-de-ploermel.fr\/index.php\/2024\/12\/10\/antoine-sanitel\/\" target=\"_blank\" rel=\"noreferrer noopener\"><strong>Antoine SOTINEL<\/strong><\/a><\/li>\n\n\n\n<li><a href=\"https:\/\/lettresdepoilus-pays-de-ploermel.fr\/index.php\/2024\/12\/10\/jean-taillebois\/\" target=\"_blank\" rel=\"noreferrer noopener\"><strong>Jean TAILLEBOIS<\/strong><\/a><\/li>\n\n\n\n<li><a href=\"https:\/\/lettresdepoilus-pays-de-ploermel.fr\/index.php\/2024\/12\/11\/francois-travaille\/\" target=\"_blank\" rel=\"noreferrer noopener\"><strong>Fran\u00e7ois TRAVAILLE<\/strong><\/a><\/li>\n\n\n\n<li><a href=\"https:\/\/lettresdepoilus-pays-de-ploermel.fr\/index.php\/2024\/12\/09\/jean-trillard-2\/\" target=\"_blank\" rel=\"noreferrer noopener\"><strong>Jean TRILLARD<\/strong><\/a><\/li>\n\n\n\n<li><a href=\"https:\/\/lettresdepoilus-pays-de-ploermel.fr\/index.php\/2024\/12\/10\/jean-urvoy\/\" target=\"_blank\" rel=\"noreferrer noopener\"><strong>Jean URVOY<\/strong><\/a><\/li>\n<\/ul>\n<\/div>\n\n\n\n<div class=\"wp-block-column is-layout-flow wp-block-column-is-layout-flow\">\n<ul class=\"wp-block-list\">\n<li><a href=\"https:\/\/lettresdepoilus-pays-de-ploermel.fr\/index.php\/2024\/11\/01\/70eme-regiment-dinfanterie-meneac\/\" rel=\"nofollow\"><strong>Jean HAM\u00c9ON<\/strong><\/a><\/li>\n\n\n\n<li><a href=\"https:\/\/lettresdepoilus-pays-de-ploermel.fr\/index.php\/2024\/12\/03\/mathurin-anger\/\" target=\"_blank\" rel=\"noreferrer noopener\"><strong>Mathurin ANGER<\/strong><\/a><\/li>\n\n\n\n<li><a href=\"https:\/\/lettresdepoilus-pays-de-ploermel.fr\/index.php\/2024\/11\/01\/316eme-regiment-dinfanterie-meneac\/\" rel=\"nofollow\"><strong>Joseph BARBIER<\/strong><\/a><\/li>\n\n\n\n<li><a href=\"https:\/\/lettresdepoilus-pays-de-ploermel.fr\/index.php\/2024\/12\/03\/joseph-belsoeur\/\" target=\"_blank\" rel=\"noreferrer noopener\"><strong>Joseph BELS\u0152UR<\/strong><\/a><\/li>\n\n\n\n<li><a href=\"https:\/\/lettresdepoilus-pays-de-ploermel.fr\/index.php\/2024\/12\/03\/francois-boudard\/\" target=\"_blank\" rel=\"noreferrer noopener\"><strong>Fran\u00e7ois BOUDARD<\/strong><\/a><\/li>\n\n\n\n<li><a href=\"https:\/\/lettresdepoilus-pays-de-ploermel.fr\/index.php\/2024\/11\/01\/316eme-regiment-dinfanterie-meneac\/\" rel=\"nofollow\"><strong>Louis BOURDAIS<\/strong><\/a><\/li>\n\n\n\n<li><a href=\"https:\/\/lettresdepoilus-pays-de-ploermel.fr\/index.php\/2024\/12\/03\/victor-calme\/\" target=\"_blank\" rel=\"noreferrer noopener\"><strong>Victor CALME<\/strong><\/a><\/li>\n\n\n\n<li><a href=\"https:\/\/lettresdepoilus-pays-de-ploermel.fr\/index.php\/2024\/12\/03\/theophile-cazo\/\" target=\"_blank\" rel=\"noreferrer noopener\"><strong>Th\u00e9ophile CAZO<\/strong><\/a><\/li>\n\n\n\n<li><a href=\"https:\/\/lettresdepoilus-pays-de-ploermel.fr\/index.php\/2024\/12\/04\/joseph-chantoux\/\" target=\"_blank\" rel=\"noreferrer noopener\"><strong>Joseph CHANTOUX<\/strong><\/a><\/li>\n\n\n\n<li><a href=\"https:\/\/lettresdepoilus-pays-de-ploermel.fr\/index.php\/2024\/12\/04\/joseph-chartier\/\" target=\"_blank\" rel=\"noreferrer noopener\"><strong>Joseph Paul CHARTIER<\/strong><\/a><\/li>\n\n\n\n<li><a href=\"https:\/\/lettresdepoilus-pays-de-ploermel.fr\/index.php\/2024\/12\/04\/eugene-chasle\/\" target=\"_blank\" rel=\"noreferrer noopener\"><strong>Eug\u00e8ne CHASLE<\/strong><\/a><\/li>\n\n\n\n<li><a href=\"https:\/\/lettresdepoilus-pays-de-ploermel.fr\/index.php\/2024\/11\/01\/118eme-regiment-dinfanterie-meneac\/\" rel=\"nofollow\"><strong>Joseph CHEVALIER<\/strong><\/a><\/li>\n\n\n\n<li><a href=\"https:\/\/lettresdepoilus-pays-de-ploermel.fr\/index.php\/2024\/12\/04\/joseph-conoir\/\" target=\"_blank\" rel=\"noreferrer noopener\"><strong>Joseph CONOIR<\/strong><\/a><\/li>\n\n\n\n<li><a href=\"https:\/\/lettresdepoilus-pays-de-ploermel.fr\/index.php\/2024\/12\/05\/pierre-danet\/\" target=\"_blank\" rel=\"noreferrer noopener\"><strong>Pierre DANET<\/strong><\/a><\/li>\n\n\n\n<li><a href=\"https:\/\/lettresdepoilus-pays-de-ploermel.fr\/index.php\/2024\/12\/05\/joseph-delugeard\/\" target=\"_blank\" rel=\"noreferrer noopener\"><strong>Joseph DELUGEARD<\/strong><\/a><\/li>\n\n\n\n<li><a href=\"https:\/\/lettresdepoilus-pays-de-ploermel.fr\/index.php\/2024\/12\/05\/joseph-dinel\/\" target=\"_blank\" rel=\"noreferrer noopener\"><strong>Joseph DINEL<\/strong><\/a><\/li>\n\n\n\n<li><a href=\"https:\/\/lettresdepoilus-pays-de-ploermel.fr\/index.php\/2024\/12\/05\/bertrand-fevrier\/\" target=\"_blank\" rel=\"noreferrer noopener\"><strong>Bertrand FEVRIER<\/strong><\/a><\/li>\n\n\n\n<li><a href=\"https:\/\/lettresdepoilus-pays-de-ploermel.fr\/index.php\/2024\/12\/09\/francois-gastard\/\" target=\"_blank\" rel=\"noreferrer noopener\"><strong>Fran\u00e7ois GASTARD<\/strong><\/a><\/li>\n\n\n\n<li><a href=\"https:\/\/lettresdepoilus-pays-de-ploermel.fr\/index.php\/2024\/11\/01\/316eme-regiment-dinfanterie-meneac\/\" rel=\"nofollow\"><strong>Ars\u00e8ne GAUDAIRE<\/strong><\/a><\/li>\n\n\n\n<li><a href=\"https:\/\/lettresdepoilus-pays-de-ploermel.fr\/index.php\/2024\/11\/11\/joseph-marie-gauthier\/\" target=\"_blank\" rel=\"noreferrer noopener\"><strong>Joseph GAUTHIER<\/strong><\/a><\/li>\n\n\n\n<li><a href=\"https:\/\/lettresdepoilus-pays-de-ploermel.fr\/index.php\/2024\/12\/09\/jean-gleron\/\" target=\"_blank\" rel=\"noreferrer noopener\"><strong>Jean GLERON<\/strong><\/a><\/li>\n\n\n\n<li><a href=\"https:\/\/lettresdepoilus-pays-de-ploermel.fr\/index.php\/2024\/11\/01\/70eme-regiment-dinfanterie-meneac\/\" rel=\"nofollow\"><strong>Eug\u00e8ne GROSEIL<\/strong><\/a><\/li>\n\n\n\n<li><a href=\"https:\/\/lettresdepoilus-pays-de-ploermel.fr\/index.php\/2024\/12\/09\/constant-guillemaud\/\" target=\"_blank\" rel=\"noreferrer noopener\"><strong>Constant GUILLEMAUD<\/strong><\/a><\/li>\n\n\n\n<li><a href=\"https:\/\/lettresdepoilus-pays-de-ploermel.fr\/index.php\/2024\/12\/09\/henri-guillemin-2\/\" target=\"_blank\" rel=\"noreferrer noopener\"><strong>Henri GUILLEMIN<\/strong><\/a><\/li>\n\n\n\n<li><a href=\"https:\/\/lettresdepoilus-pays-de-ploermel.fr\/index.php\/2024\/12\/09\/joseph-guillemot\/\" target=\"_blank\" rel=\"noreferrer noopener\"><strong>Joseph GUILLEMOT<\/strong><\/a><\/li>\n\n\n\n<li><a href=\"https:\/\/lettresdepoilus-pays-de-ploermel.fr\/index.php\/2024\/12\/09\/jean-hameon\/\" target=\"_blank\" rel=\"noreferrer noopener\"><strong>Jean HAM\u00c9ON<\/strong><\/a><\/li>\n\n\n\n<li><a href=\"https:\/\/lettresdepoilus-pays-de-ploermel.fr\/index.php\/2024\/12\/06\/joseph-herve\/\" target=\"_blank\" rel=\"noreferrer noopener\"><strong>Joseph HERV\u00c9<\/strong><\/a><\/li>\n\n\n\n<li><a href=\"https:\/\/lettresdepoilus-pays-de-ploermel.fr\/index.php\/2024\/12\/10\/louis-hochet\/\" target=\"_blank\" rel=\"noreferrer noopener\"><strong>Louis HOCHET<\/strong><\/a><\/li>\n\n\n\n<li><a href=\"https:\/\/lettresdepoilus-pays-de-ploermel.fr\/index.php\/2024\/12\/09\/joseph-jan\/\" target=\"_blank\" rel=\"noreferrer noopener\"><strong>Joseph JAN<\/strong><\/a><\/li>\n\n\n\n<li><a href=\"https:\/\/lettresdepoilus-pays-de-ploermel.fr\/index.php\/2024\/12\/09\/jean-jouan\/\" target=\"_blank\" rel=\"noreferrer noopener\"><strong>Jean JOUAN<\/strong><\/a><\/li>\n\n\n\n<li><a href=\"https:\/\/lettresdepoilus-pays-de-ploermel.fr\/index.php\/2024\/12\/09\/jean-jouet-2\/\" target=\"_blank\" rel=\"noreferrer noopener\"><strong>Jean JOUET<\/strong><\/a><\/li>\n\n\n\n<li><a href=\"https:\/\/lettresdepoilus-pays-de-ploermel.fr\/index.php\/2024\/12\/06\/victor-larelle\/\" target=\"_blank\" rel=\"noreferrer noopener\"><strong>Victor LARELLE<\/strong><\/a><\/li>\n\n\n\n<li><a href=\"https:\/\/lettresdepoilus-pays-de-ploermel.fr\/index.php\/2024\/11\/10\/jean-leray\/\" target=\"_blank\" rel=\"noreferrer noopener\"><strong>Jean LERAY<\/strong><\/a><\/li>\n\n\n\n<li><a href=\"https:\/\/lettresdepoilus-pays-de-ploermel.fr\/index.php\/2024\/11\/01\/116eme-regiment-dinfanterie-meneac\/\" rel=\"nofollow\"><strong>Victor LORAND<\/strong><\/a><\/li>\n\n\n\n<li><a href=\"https:\/\/lettresdepoilus-pays-de-ploermel.fr\/index.php\/2024\/12\/10\/constant-marivin\/\" target=\"_blank\" rel=\"noreferrer noopener\"><strong>Constant MARIVIN<\/strong><\/a><\/li>\n\n\n\n<li><a href=\"https:\/\/lettresdepoilus-pays-de-ploermel.fr\/index.php\/2024\/12\/06\/alexandre-maston\/\" target=\"_blank\" rel=\"noreferrer noopener\"><strong>Alexandre MASSON<\/strong><\/a><\/li>\n\n\n\n<li><a href=\"https:\/\/lettresdepoilus-pays-de-ploermel.fr\/index.php\/2024\/12\/06\/constant-maudieu\/\" target=\"_blank\" rel=\"noreferrer noopener\"><strong>Constant MAUDIEU<\/strong><\/a><\/li>\n\n\n\n<li><a href=\"https:\/\/lettresdepoilus-pays-de-ploermel.fr\/index.php\/2024\/12\/09\/eugene-moreul\/\" target=\"_blank\" rel=\"noreferrer noopener\"><strong>Eug\u00e8ne MOREUL<\/strong><\/a><\/li>\n\n\n\n<li><a href=\"https:\/\/lettresdepoilus-pays-de-ploermel.fr\/index.php\/2024\/12\/06\/pierre-moreul-2\/\" target=\"_blank\" rel=\"noreferrer noopener\"><strong>Pierre Constant MOREUL<\/strong><\/a><\/li>\n\n\n\n<li><a href=\"https:\/\/lettresdepoilus-pays-de-ploermel.fr\/index.php\/2024\/11\/01\/116eme-regiment-dinfanterie-meneac\/\" rel=\"nofollow\"><strong>Eug\u00e8ne MOUNIER<\/strong><\/a><\/li>\n\n\n\n<li><a href=\"https:\/\/lettresdepoilus-pays-de-ploermel.fr\/index.php\/2024\/11\/10\/jean-nouvel-3\/\"><strong>Jean NOUVEL<\/strong><\/a><\/li>\n\n\n\n<li><a href=\"https:\/\/lettresdepoilus-pays-de-ploermel.fr\/index.php\/2024\/12\/09\/victor-oreal\/\" target=\"_blank\" rel=\"noreferrer noopener\"><strong>Victor Fran\u00e7ois OR\u00c9AL<\/strong><\/a><\/li>\n\n\n\n<li><a href=\"https:\/\/lettresdepoilus-pays-de-ploermel.fr\/index.php\/2024\/12\/09\/eugene-perrin\/\" target=\"_blank\" rel=\"noreferrer noopener\"><strong>Eug\u00e8ne PERRIN<\/strong><\/a><\/li>\n\n\n\n<li><a href=\"https:\/\/lettresdepoilus-pays-de-ploermel.fr\/index.php\/2024\/12\/10\/mathurin-pinson\/\" target=\"_blank\" rel=\"noreferrer noopener\"><strong>Mathurin PINSON<\/strong><\/a><\/li>\n\n\n\n<li><a href=\"https:\/\/lettresdepoilus-pays-de-ploermel.fr\/index.php\/2024\/11\/01\/116eme-regiment-dinfanterie-meneac\/\" rel=\"nofollow\"><strong>Joseph PORTIER<\/strong><\/a><\/li>\n\n\n\n<li><a href=\"https:\/\/lettresdepoilus-pays-de-ploermel.fr\/index.php\/2024\/12\/10\/pierre-posnic\/\"><strong>Pierre POSN<\/strong><\/a><a href=\"https:\/\/lettresdepoilus-pays-de-ploermel.fr\/index.php\/2024\/12\/10\/pierre-posnic\/\" target=\"_blank\" rel=\"noreferrer noopener\"><strong>I<\/strong><\/a><a href=\"https:\/\/lettresdepoilus-pays-de-ploermel.fr\/index.php\/2024\/12\/10\/pierre-posnic\/\"><strong>C<\/strong><\/a><\/li>\n\n\n\n<li><a href=\"https:\/\/lettresdepoilus-pays-de-ploermel.fr\/index.php\/2024\/12\/06\/joseph-raulot\/\" target=\"_blank\" rel=\"noreferrer noopener\"><strong>Joseph RAULOT<\/strong><\/a><\/li>\n\n\n\n<li><a href=\"https:\/\/lettresdepoilus-pays-de-ploermel.fr\/index.php\/2024\/12\/09\/eugene-rouxel\/\" target=\"_blank\" rel=\"noreferrer noopener\"><strong>Eug\u00e8ne ROUXEL<\/strong><\/a><\/li>\n\n\n\n<li><a href=\"https:\/\/lettresdepoilus-pays-de-ploermel.fr\/index.php\/2024\/12\/10\/jean-rouxel\/\" target=\"_blank\" rel=\"noreferrer noopener\"><strong>Jean ROUXEL<\/strong><\/a><\/li>\n\n\n\n<li><a href=\"https:\/\/lettresdepoilus-pays-de-ploermel.fr\/index.php\/2024\/12\/10\/victor-rouxel\/\" target=\"_blank\" rel=\"noreferrer noopener\"><strong>Victor ROUXEL<\/strong><\/a><\/li>\n\n\n\n<li><a href=\"https:\/\/lettresdepoilus-pays-de-ploermel.fr\/index.php\/2024\/11\/01\/316eme-regiment-dinfanterie-meneac\/\" rel=\"nofollow\"><strong>Jean Baptiste SAMSON<\/strong><\/a><\/li>\n\n\n\n<li><a href=\"https:\/\/lettresdepoilus-pays-de-ploermel.fr\/index.php\/2024\/11\/01\/116eme-regiment-dinfanterie-meneac\/\" rel=\"nofollow\"><strong>Jean P. Marie SAMSOM<\/strong><\/a><\/li>\n\n\n\n<li><a href=\"https:\/\/lettresdepoilus-pays-de-ploermel.fr\/index.php\/2024\/11\/10\/joseph-servige\/\" target=\"_blank\" rel=\"noreferrer noopener\"><strong>Joseph SERVIGE<\/strong><\/a><\/li>\n\n\n\n<li><a href=\"https:\/\/lettresdepoilus-pays-de-ploermel.fr\/index.php\/2024\/12\/09\/arsene-taillebois\/\" target=\"_blank\" rel=\"noreferrer noopener\"><strong>Ars\u00e8ne TAILLEBOIS<\/strong><\/a><\/li>\n\n\n\n<li><a href=\"https:\/\/lettresdepoilus-pays-de-ploermel.fr\/index.php\/2024\/12\/09\/prosper-thebault\/\" target=\"_blank\" rel=\"noreferrer noopener\"><strong>Prosper THEBAULT<\/strong><\/a><\/li>\n\n\n\n<li><a href=\"https:\/\/lettresdepoilus-pays-de-ploermel.fr\/index.php\/2024\/12\/06\/jean-travaille\/\" target=\"_blank\" rel=\"noreferrer noopener\"><strong>Jean TRAVAILLE<\/strong><\/a><\/li>\n\n\n\n<li><a href=\"https:\/\/lettresdepoilus-pays-de-ploermel.fr\/index.php\/2024\/12\/06\/joseph-trillard-2\/\" target=\"_blank\" rel=\"noreferrer noopener\"><strong>Joseph TRILLARD<\/strong><\/a><\/li>\n<\/ul>\n<\/div>\n\n\n\n<div class=\"wp-block-column is-layout-flow wp-block-column-is-layout-flow\">\n<ul class=\"wp-block-list\">\n<li><a href=\"https:\/\/lettresdepoilus-pays-de-ploermel.fr\/index.php\/2024\/12\/03\/honore-anger\/\" target=\"_blank\" rel=\"noreferrer noopener\"><strong>Honor\u00e9 ANGER<\/strong><\/a><\/li>\n\n\n\n<li><a href=\"https:\/\/lettresdepoilus-pays-de-ploermel.fr\/index.php\/2024\/12\/03\/henri-barbe\/\" target=\"_blank\" rel=\"noreferrer noopener\"><strong>Henri BARB\u00c9<\/strong><\/a><\/li>\n\n\n\n<li><a href=\"https:\/\/lettresdepoilus-pays-de-ploermel.fr\/index.php\/2024\/12\/03\/joseph-baud\/\" target=\"_blank\" rel=\"noreferrer noopener\"><strong>Joseph BAUD<\/strong><\/a><\/li>\n\n\n\n<li><a href=\"https:\/\/lettresdepoilus-pays-de-ploermel.fr\/index.php\/2024\/12\/03\/eugene-benard\/\" target=\"_blank\" rel=\"noreferrer noopener\"><strong>Eug\u00e8ne BENARD<\/strong><\/a><\/li>\n\n\n\n<li><a href=\"https:\/\/lettresdepoilus-pays-de-ploermel.fr\/index.php\/2024\/11\/01\/316eme-regiment-dinfanterie-meneac\/\" rel=\"nofollow\"><strong>Julien BOUDARD<\/strong><\/a><\/li>\n\n\n\n<li><a href=\"https:\/\/lettresdepoilus-pays-de-ploermel.fr\/index.php\/2024\/11\/01\/316eme-regiment-dinfanterie-meneac\/\" rel=\"nofollow\"><strong>Eug\u00e8ne BRET<\/strong><\/a><\/li>\n\n\n\n<li><a href=\"https:\/\/lettresdepoilus-pays-de-ploermel.fr\/index.php\/2024\/12\/03\/louis-carmoy\/\" target=\"_blank\" rel=\"noreferrer noopener\"><strong>Louis CARMOY<\/strong><\/a><\/li>\n\n\n\n<li><a href=\"https:\/\/lettresdepoilus-pays-de-ploermel.fr\/index.php\/2024\/11\/03\/41eme-regiment-dinfanterie-meneac\/\" rel=\"nofollow\"><strong>L\u00e9on CHALMET<\/strong><\/a><\/li>\n\n\n\n<li><a href=\"https:\/\/lettresdepoilus-pays-de-ploermel.fr\/index.php\/2024\/11\/01\/316eme-regiment-dinfanterie-meneac\/\" rel=\"nofollow\"><strong>Alexandre CHANTREL<\/strong><\/a><\/li>\n\n\n\n<li><a href=\"https:\/\/lettresdepoilus-pays-de-ploermel.fr\/index.php\/2024\/12\/04\/joseph-pierre-chartier\/\" target=\"_blank\" rel=\"noreferrer noopener\"><strong>Joseph Pierre CHARTIER<\/strong><\/a><\/li>\n\n\n\n<li><a href=\"https:\/\/lettresdepoilus-pays-de-ploermel.fr\/index.php\/2024\/12\/04\/jean-chaumorcel\/\" target=\"_blank\" rel=\"noreferrer noopener\"><strong>Jean CHAUMORCEL<\/strong><\/a><\/li>\n\n\n\n<li><a href=\"https:\/\/lettresdepoilus-pays-de-ploermel.fr\/index.php\/2024\/12\/04\/eugene-collette\/\" target=\"_blank\" rel=\"noreferrer noopener\"><strong>Eug\u00e8ne COLLETTE<\/strong><\/a><\/li>\n\n\n\n<li><a href=\"https:\/\/lettresdepoilus-pays-de-ploermel.fr\/index.php\/2024\/12\/04\/francois-courtel\/\" target=\"_blank\" rel=\"noreferrer noopener\"><strong>Fran\u00e7ois COURTEL<\/strong><\/a><\/li>\n\n\n\n<li><a href=\"https:\/\/lettresdepoilus-pays-de-ploermel.fr\/index.php\/2024\/12\/05\/louis-dauguet\/\"><strong>Louis DAUGUET<\/strong><\/a><\/li>\n\n\n\n<li><a href=\"https:\/\/lettresdepoilus-pays-de-ploermel.fr\/index.php\/2024\/11\/11\/francois-denoual\/\" target=\"_blank\" rel=\"noreferrer noopener\"><strong>Fran\u00e7ois DENOUAL<\/strong><\/a><\/li>\n\n\n\n<li><a href=\"https:\/\/lettresdepoilus-pays-de-ploermel.fr\/index.php\/2024\/12\/05\/jean-dolo\/\" target=\"_blank\" rel=\"noreferrer noopener\"><strong>Jean DOLO<\/strong><\/a><\/li>\n\n\n\n<li><a href=\"https:\/\/lettresdepoilus-pays-de-ploermel.fr\/index.php\/2024\/12\/05\/victor-folliard\/\" target=\"_blank\" rel=\"noreferrer noopener\"><strong>Victor FOLLIARD<\/strong><\/a><\/li>\n\n\n\n<li><a href=\"https:\/\/lettresdepoilus-pays-de-ploermel.fr\/index.php\/2024\/12\/10\/prosper-gastard\/\" target=\"_blank\" rel=\"noreferrer noopener\"><strong>Prosper GASTARD<\/strong><\/a><\/li>\n\n\n\n<li><a href=\"https:\/\/lettresdepoilus-pays-de-ploermel.fr\/index.php\/2024\/12\/11\/eugene-gaudaire\/\" target=\"_blank\" rel=\"noreferrer noopener\"><strong>Eug\u00e8ne GAUDAIRE<\/strong><\/a><\/li>\n\n\n\n<li><a href=\"https:\/\/lettresdepoilus-pays-de-ploermel.fr\/index.php\/2024\/12\/10\/eugene-gicquel-3\/\" target=\"_blank\" rel=\"noreferrer noopener\"><strong>Eug\u00e8ne GICQUEL<\/strong><\/a><\/li>\n\n\n\n<li><a href=\"https:\/\/lettresdepoilus-pays-de-ploermel.fr\/index.php\/2024\/12\/10\/jean-gonthier\/\" target=\"_blank\" rel=\"noreferrer noopener\"><strong>Jean GONTHIER<\/strong><\/a><\/li>\n\n\n\n<li><a href=\"https:\/\/lettresdepoilus-pays-de-ploermel.fr\/index.php\/2024\/12\/09\/alexis-guillard\/\" target=\"_blank\" rel=\"noreferrer noopener\"><strong>Alexis GUILLARD<\/strong><\/a><\/li>\n\n\n\n<li><a href=\"https:\/\/lettresdepoilus-pays-de-ploermel.fr\/index.php\/2024\/12\/09\/joseph-guillemaud\/\" target=\"_blank\" rel=\"noreferrer noopener\"><strong>Joseph GUILLEMAUD<\/strong><\/a><\/li>\n\n\n\n<li><a href=\"https:\/\/lettresdepoilus-pays-de-ploermel.fr\/index.php\/2024\/11\/01\/316eme-regiment-dinfanterie-meneac\/\"><strong>Joseph GUILLEM<\/strong><\/a><a href=\"https:\/\/lettresdepoilus-pays-de-ploermel.fr\/index.php\/2024\/11\/01\/316eme-regiment-dinfanterie-meneac\/\" rel=\"nofollow\"><strong>I<\/strong><\/a><a href=\"https:\/\/lettresdepoilus-pays-de-ploermel.fr\/index.php\/2024\/11\/01\/316eme-regiment-dinfanterie-meneac\/\"><strong>N<\/strong><\/a><\/li>\n\n\n\n<li><a href=\"https:\/\/lettresdepoilus-pays-de-ploermel.fr\/index.php\/2024\/12\/09\/jean-guillo\/\" target=\"_blank\" rel=\"noreferrer noopener\"><strong>Jean GUILLO<\/strong><\/a><\/li>\n\n\n\n<li><a href=\"https:\/\/lettresdepoilus-pays-de-ploermel.fr\/index.php\/2024\/12\/09\/jean-havy-2\/\" target=\"_blank\" rel=\"noreferrer noopener\"><strong>Jean HAVY<\/strong><\/a><\/li>\n\n\n\n<li><a href=\"https:\/\/lettresdepoilus-pays-de-ploermel.fr\/index.php\/2024\/12\/09\/germain-hochet\/\" target=\"_blank\" rel=\"noreferrer noopener\"><strong>Germain HOCHET<\/strong><\/a><\/li>\n\n\n\n<li><a href=\"https:\/\/lettresdepoilus-pays-de-ploermel.fr\/index.php\/2024\/12\/10\/jean-jacopin\/\"><strong>Jean JACO<\/strong><\/a><a href=\"https:\/\/lettresdepoilus-pays-de-ploermel.fr\/index.php\/2024\/12\/10\/jean-jacopin\/\" target=\"_blank\" rel=\"noreferrer noopener\"><strong>P<\/strong><\/a><a href=\"https:\/\/lettresdepoilus-pays-de-ploermel.fr\/index.php\/2024\/12\/10\/jean-jacopin\/\"><strong>IN<\/strong><\/a><\/li>\n\n\n\n<li><a href=\"https:\/\/lettresdepoilus-pays-de-ploermel.fr\/index.php\/2024\/12\/10\/louis-jegorel\/\" target=\"_blank\" rel=\"noreferrer noopener\"><strong>Louis J\u00c9GOREL<\/strong><\/a><\/li>\n\n\n\n<li><a href=\"https:\/\/lettresdepoilus-pays-de-ploermel.fr\/index.php\/2024\/12\/10\/joseph-jouan-2\/\" target=\"_blank\" rel=\"noreferrer noopener\"><strong>Joseph JOUAN<\/strong><\/a><\/li>\n\n\n\n<li><a href=\"https:\/\/lettresdepoilus-pays-de-ploermel.fr\/index.php\/2024\/11\/01\/70eme-regiment-dinfanterie-meneac\/\" rel=\"nofollow\"><strong>Fran\u00e7ois JOUHIER<\/strong><\/a><\/li>\n\n\n\n<li><a href=\"https:\/\/lettresdepoilus-pays-de-ploermel.fr\/index.php\/2024\/12\/06\/ernest-lebreton\/\" target=\"_blank\" rel=\"noreferrer noopener\"><strong>Ernest LEBRETON<\/strong><\/a><\/li>\n\n\n\n<li><a href=\"https:\/\/lettresdepoilus-pays-de-ploermel.fr\/index.php\/2024\/12\/06\/joseph-leray-2\/\" target=\"_blank\" rel=\"noreferrer noopener\"><strong>Joseph LERAY<\/strong><\/a><\/li>\n\n\n\n<li><a href=\"https:\/\/lettresdepoilus-pays-de-ploermel.fr\/index.php\/2024\/12\/06\/alexandre-lorfeuvre\/\" target=\"_blank\" rel=\"noreferrer noopener\"><strong>Alexandre LORFEUVRE<\/strong><\/a><\/li>\n\n\n\n<li><a href=\"https:\/\/lettresdepoilus-pays-de-ploermel.fr\/index.php\/2024\/11\/01\/118eme-regiment-dinfanterie-meneac\/\" rel=\"nofollow\"><strong>Victor MARIVIN<\/strong><\/a><\/li>\n\n\n\n<li><a href=\"https:\/\/lettresdepoilus-pays-de-ploermel.fr\/index.php\/2024\/11\/01\/70eme-regiment-dinfanterie-meneac\/\" rel=\"nofollow\"><strong>Louis MATENOT<\/strong><\/a><\/li>\n\n\n\n<li><a href=\"https:\/\/lettresdepoilus-pays-de-ploermel.fr\/index.php\/2024\/12\/06\/julien-menier\/\" target=\"_blank\" rel=\"noreferrer noopener\"><strong>Julien MENIER<\/strong><\/a><\/li>\n\n\n\n<li><a href=\"https:\/\/lettresdepoilus-pays-de-ploermel.fr\/index.php\/2024\/12\/09\/pierre-moreul-3\/\" target=\"_blank\" rel=\"noreferrer noopener\"><strong>Pierre MOREUL<\/strong><\/a><\/li>\n\n\n\n<li><a href=\"https:\/\/lettresdepoilus-pays-de-ploermel.fr\/index.php\/2024\/11\/01\/70eme-regiment-dinfanterie-meneac\/\" rel=\"nofollow\"><strong>Victor MOREUL<\/strong><\/a><\/li>\n\n\n\n<li><a href=\"https:\/\/lettresdepoilus-pays-de-ploermel.fr\/index.php\/2024\/12\/10\/georges-nagat\/\" target=\"_blank\" rel=\"noreferrer noopener\"><strong>Georges NAGAT<\/strong><\/a><\/li>\n\n\n\n<li><a href=\"https:\/\/lettresdepoilus-pays-de-ploermel.fr\/index.php\/2024\/12\/09\/eugene-oreal\/\" target=\"_blank\" rel=\"noreferrer noopener\"><strong>Eug\u00e8ne OR\u00c9AL<\/strong><\/a><\/li>\n\n\n\n<li><a href=\"https:\/\/lettresdepoilus-pays-de-ploermel.fr\/index.php\/2024\/12\/06\/ange-pancole\/\" target=\"_blank\" rel=\"noreferrer noopener\"><strong>Ange PENCOLE<\/strong><\/a><\/li>\n\n\n\n<li><a href=\"https:\/\/lettresdepoilus-pays-de-ploermel.fr\/index.php\/2024\/11\/01\/118eme-regiment-dinfanterie-meneac\/\" rel=\"nofollow\"><strong>Adrien PINSARD<\/strong><\/a><\/li>\n\n\n\n<li><a href=\"https:\/\/lettresdepoilus-pays-de-ploermel.fr\/index.php\/2024\/12\/05\/eugene-portier\/\" target=\"_blank\" rel=\"noreferrer noopener\"><strong>Eug\u00e8ne PORTIER<\/strong><\/a><\/li>\n\n\n\n<li><a href=\"https:\/\/lettresdepoilus-pays-de-ploermel.fr\/index.php\/2024\/12\/05\/desire-posnic\/\" target=\"_blank\" rel=\"noreferrer noopener\"><strong>D\u00e9sir\u00e9 POSNIC<\/strong><\/a><\/li>\n\n\n\n<li><a href=\"https:\/\/lettresdepoilus-pays-de-ploermel.fr\/index.php\/2024\/12\/05\/henri-poupiot\/\" target=\"_blank\" rel=\"noreferrer noopener\"><strong>Henri POUPIOT<\/strong><\/a><\/li>\n\n\n\n<li><a href=\"https:\/\/lettresdepoilus-pays-de-ploermel.fr\/index.php\/2024\/12\/09\/arsene-recourse-2\/\"><strong>Ars\u00e8ne RECOURSE<\/strong><\/a><\/li>\n\n\n\n<li><a href=\"https:\/\/lettresdepoilus-pays-de-ploermel.fr\/index.php\/2024\/12\/09\/germain-rouxel\/\" target=\"_blank\" rel=\"noreferrer noopener\"><strong>Germain ROUXEL<\/strong><\/a><\/li>\n\n\n\n<li><a href=\"https:\/\/lettresdepoilus-pays-de-ploermel.fr\/index.php\/2024\/12\/09\/joseph-rouxel\/\" target=\"_blank\" rel=\"noreferrer noopener\"><strong>Joseph ROUXEL<\/strong><\/a><\/li>\n\n\n\n<li><a href=\"https:\/\/lettresdepoilus-pays-de-ploermel.fr\/index.php\/2024\/11\/01\/118eme-regiment-dinfanterie-meneac\/\" rel=\"nofollow\"><strong>D\u00e9sir\u00e9 RUELLO<\/strong><\/a><\/li>\n\n\n\n<li><a href=\"https:\/\/lettresdepoilus-pays-de-ploermel.fr\/index.php\/2024\/11\/01\/116eme-regiment-dinfanterie-meneac\/\" rel=\"nofollow\"><strong>Jean Marie SAMSON<\/strong><\/a><\/li>\n\n\n\n<li><a href=\"https:\/\/lettresdepoilus-pays-de-ploermel.fr\/index.php\/2024\/12\/06\/joseph-samson\/\" target=\"_blank\" rel=\"noreferrer noopener\"><strong>Joseph SAMSON<\/strong><\/a><\/li>\n\n\n\n<li><a href=\"https:\/\/lettresdepoilus-pays-de-ploermel.fr\/index.php\/2024\/12\/10\/eugene-simon\/\" target=\"_blank\" rel=\"noreferrer noopener\"><strong>Eug\u00e8ne SIMON<\/strong><\/a><\/li>\n\n\n\n<li><a href=\"https:\/\/lettresdepoilus-pays-de-ploermel.fr\/index.php\/2024\/11\/01\/118eme-regiment-dinfanterie-meneac\/\" rel=\"nofollow\"><strong>Eug\u00e8ne TAILLEBOIS<\/strong><\/a><\/li>\n\n\n\n<li><a href=\"https:\/\/lettresdepoilus-pays-de-ploermel.fr\/index.php\/2024\/12\/09\/alphonse-thoron\/\" target=\"_blank\" rel=\"noreferrer noopener\"><strong>Alphonse THORON<\/strong><\/a><\/li>\n\n\n\n<li><a href=\"https:\/\/lettresdepoilus-pays-de-ploermel.fr\/index.php\/2024\/12\/10\/alexandre-trillard\/\"><strong>Alexandre TRI<\/strong><\/a><a href=\"https:\/\/lettresdepoilus-pays-de-ploermel.fr\/index.php\/2024\/12\/10\/alexandre-trillard\/\" target=\"_blank\" rel=\"noreferrer noopener\"><strong>L<\/strong><\/a><a href=\"https:\/\/lettresdepoilus-pays-de-ploermel.fr\/index.php\/2024\/12\/10\/alexandre-trillard\/\"><strong>LARD<\/strong><\/a><\/li>\n\n\n\n<li><a href=\"https:\/\/lettresdepoilus-pays-de-ploermel.fr\/index.php\/2024\/12\/09\/emile-urvoy\/\" target=\"_blank\" rel=\"noreferrer noopener\"><strong>\u00c9mile URVOY<\/strong><\/a><\/li>\n<\/ul>\n<\/div>\n<\/div>\n\n\n\n<div style=\"height:10px\" aria-hidden=\"true\" class=\"wp-block-spacer\"><\/div>\n\n\n\n<hr class=\"wp-block-separator has-alpha-channel-opacity\"\/>\n\n\n\n<div style=\"height:10px\" aria-hidden=\"true\" class=\"wp-block-spacer\"><\/div>\n\n\n\n<div class=\"wp-block-columns is-layout-flex wp-container-core-columns-is-layout-9d6595d7 wp-block-columns-is-layout-flex\">\n<div class=\"wp-block-column is-layout-flow wp-block-column-is-layout-flow\"><div class=\"wp-block-image\">\n<figure class=\"aligncenter size-full\"><img fetchpriority=\"high\" decoding=\"async\" width=\"379\" height=\"616\" src=\"https:\/\/lettresdepoilus-pays-de-ploermel.fr\/wp-content\/uploads\/2024\/07\/image-233.png\" alt=\"\" class=\"wp-image-18876\" srcset=\"https:\/\/lettresdepoilus-pays-de-ploermel.fr\/wp-content\/uploads\/2024\/07\/image-233.png 379w, https:\/\/lettresdepoilus-pays-de-ploermel.fr\/wp-content\/uploads\/2024\/07\/image-233-185x300.png 185w\" sizes=\"(max-width: 379px) 100vw, 379px\" \/><figcaption class=\"wp-element-caption\">Monument aux Morts de M\u00e9n\u00e9ac apr\u00e8s la guerre<\/figcaption><\/figure>\n<\/div><\/div>\n<\/div>\n\n\n<div class=\"wp-block-image\">\n<figure class=\"aligncenter size-full\"><img decoding=\"async\" width=\"880\" height=\"660\" src=\"https:\/\/lettresdepoilus-pays-de-ploermel.fr\/wp-content\/uploads\/2024\/07\/Meneac.png\" alt=\"\" class=\"wp-image-8647\" srcset=\"https:\/\/lettresdepoilus-pays-de-ploermel.fr\/wp-content\/uploads\/2024\/07\/Meneac.png 880w, https:\/\/lettresdepoilus-pays-de-ploermel.fr\/wp-content\/uploads\/2024\/07\/Meneac-300x225.png 300w, https:\/\/lettresdepoilus-pays-de-ploermel.fr\/wp-content\/uploads\/2024\/07\/Meneac-768x576.png 768w\" sizes=\"(max-width: 880px) 100vw, 880px\" \/><figcaption class=\"wp-element-caption\">Monument aux Morts de M\u00e9n\u00e9ac aujourd&rsquo;hui<\/figcaption><\/figure>\n<\/div>\n\n\n<div style=\"height:11px\" aria-hidden=\"true\" class=\"wp-block-spacer\"><\/div>\n\n\n\n<h2 class=\"wp-block-heading has-vivid-red-color has-text-color has-link-color wp-elements-3aebfe150cb1da547538485ae0769d53\">Addenda<\/h2>\n\n\n\n<p>Les Poilus m\u00e9n\u00e9acois de la Grande Guerre.<\/p>\n\n\n\n<p class=\"has-vivid-red-color has-text-color has-link-color wp-elements-1591ed9d6a911f3d4491c4f8540a3ed3\">Victor Marie LARELLE est n\u00e9 le 21 janvier 1891 \u00e0 M\u00e9n\u00e9ac (Morbihan) et est d\u00e9c\u00e9d\u00e9 le 21 janvier <s>1891<\/s> \u00e0 Berny en Santerre (Somme) Fils de Joseph Marie LARELLE et Marie Joseph GUILLEMAUD. C\u00e9libataire.<\/p>\n\n\n\n<p class=\"has-vivid-red-color has-text-color has-link-color wp-elements-b0a1722a313e6eba89773425bbe16683\">Jean Baptiste Joseph (Victor Marie) JACOPIN est n\u00e9 le 6 juillet 1884 \u00e0 M\u00e9n\u00e9ac (Morbihan) et est d\u00e9c\u00e9d\u00e9 le 15 d\u00e9cembre 1916 \u00e0 Douaumont (Meuse) Fils de Fran\u00e7ois Marie JACOPIN et Marie Joseph GAUDAIRE. C\u00e9libataire.<\/p>\n\n\n\n<p>CHANMORCEL \/ PORTIER<\/p>\n\n\n\n<p><strong>Jean Marie SAMSON<\/strong>&nbsp;est n\u00e9 le&nbsp;12\/02\/1883 \u00e0 M\u00e9n\u00e9ac. Il est d\u00e9c\u00e9d\u00e9 le 25\/09\/1915 \u00e0 Perthes les Hurlus. Fils de Fran\u00e7ois Michel SAMSON et Alexandrine Anne Marie CHAUMORCEL. Il s\u2019est mari\u00e9 le 25\/09\/1909 avec Eug\u00e9nie Marie Fran\u00e7oise DUPRE. Enfants&nbsp;?<\/p>\n\n\n\n<p><\/p>\n","protected":false},"excerpt":{"rendered":"<p>Lors des combats de la premi\u00e8re guerre mondiale,&nbsp;172&nbsp;soldats originaires de la commune tomberont au Champ d&rsquo;Honneur. Addenda Les Poilus m\u00e9n\u00e9acois de la Grande Guerre. Victor Marie LARELLE est n\u00e9 le 21 janvier 1891 \u00e0 M\u00e9n\u00e9ac (Morbihan) et est d\u00e9c\u00e9d\u00e9 le 21 janvier 1891 \u00e0 Berny en Santerre (Somme) Fils de Joseph Marie LARELLE et Marie Joseph GUILLEMAUD. C\u00e9libataire. Jean Baptiste Joseph (Victor Marie) JACOPIN est n\u00e9 le 6 juillet 1884 \u00e0 M\u00e9n\u00e9ac (Morbihan) et est d\u00e9c\u00e9d\u00e9 le 15 d\u00e9cembre 1916 \u00e0 Douaumont (Meuse) Fils de Fran\u00e7ois Marie JACOPIN et Marie Joseph GAUDAIRE. C\u00e9libataire. CHANMORCEL \/ PORTIER Jean Marie SAMSON&nbsp;est n\u00e9 le&nbsp;12\/02\/1883 \u00e0 M\u00e9n\u00e9ac. Il est d\u00e9c\u00e9d\u00e9 le 25\/09\/1915 \u00e0 Perthes les Hurlus. Fils de Fran\u00e7ois Michel SAMSON et Alexandrine Anne Marie CHAUMORCEL. Il s\u2019est mari\u00e9 le 25\/09\/1909 avec Eug\u00e9nie Marie Fran\u00e7oise DUPRE. Enfants&nbsp;?<\/p>\n","protected":false},"author":1,"featured_media":0,"comment_status":"closed","ping_status":"closed","sticky":false,"template":"","format":"standard","meta":{"iawp_total_views":172,"footnotes":""},"categories":[50],"tags":[76],"class_list":["post-4053","post","type-post","status-publish","format-standard","hentry","category-communes","tag-meneac"],"acf":[],"_links":{"self":[{"href":"https:\/\/lettresdepoilus-pays-de-ploermel.fr\/index.php\/wp-json\/wp\/v2\/posts\/4053","targetHints":{"allow":["GET"]}}],"collection":[{"href":"https:\/\/lettresdepoilus-pays-de-ploermel.fr\/index.php\/wp-json\/wp\/v2\/posts"}],"about":[{"href":"https:\/\/lettresdepoilus-pays-de-ploermel.fr\/index.php\/wp-json\/wp\/v2\/types\/post"}],"author":[{"embeddable":true,"href":"https:\/\/lettresdepoilus-pays-de-ploermel.fr\/index.php\/wp-json\/wp\/v2\/users\/1"}],"replies":[{"embeddable":true,"href":"https:\/\/lettresdepoilus-pays-de-ploermel.fr\/index.php\/wp-json\/wp\/v2\/comments?post=4053"}],"version-history":[{"count":72,"href":"https:\/\/lettresdepoilus-pays-de-ploermel.fr\/index.php\/wp-json\/wp\/v2\/posts\/4053\/revisions"}],"predecessor-version":[{"id":19017,"href":"https:\/\/lettresdepoilus-pays-de-ploermel.fr\/index.php\/wp-json\/wp\/v2\/posts\/4053\/revisions\/19017"}],"wp:attachment":[{"href":"https:\/\/lettresdepoilus-pays-de-ploermel.fr\/index.php\/wp-json\/wp\/v2\/media?parent=4053"}],"wp:term":[{"taxonomy":"category","embeddable":true,"href":"https:\/\/lettresdepoilus-pays-de-ploermel.fr\/index.php\/wp-json\/wp\/v2\/categories?post=4053"},{"taxonomy":"post_tag","embeddable":true,"href":"https:\/\/lettresdepoilus-pays-de-ploermel.fr\/index.php\/wp-json\/wp\/v2\/tags?post=4053"}],"curies":[{"name":"wp","href":"https:\/\/api.w.org\/{rel}","templated":true}]}}