{"id":390,"date":"2002-09-09T16:54:00","date_gmt":"2002-09-09T14:54:00","guid":{"rendered":"https:\/\/saint-brieuc-de-mauron.com\/?p=390"},"modified":"2025-04-16T18:30:55","modified_gmt":"2025-04-16T16:30:55","slug":"carte-du-23-avril-1916","status":"publish","type":"post","link":"https:\/\/lettresdepoilus-pays-de-ploermel.fr\/index.php\/2002\/09\/09\/carte-du-23-avril-1916\/","title":{"rendered":"Carte du 23 avril 1916"},"content":{"rendered":"\n<div class=\"wp-block-columns is-layout-flex wp-container-core-columns-is-layout-9d6595d7 wp-block-columns-is-layout-flex\">\n<div class=\"wp-block-column is-layout-flow wp-block-column-is-layout-flow\">\n<figure class=\"wp-block-image size-large\"><img fetchpriority=\"high\" decoding=\"async\" width=\"1024\" height=\"768\" src=\"https:\/\/lettresdepoilus-pays-de-ploermel.fr\/wp-content\/uploads\/2024\/01\/19160423CR-1024x768.jpg\" alt=\"\" class=\"wp-image-391\" srcset=\"https:\/\/lettresdepoilus-pays-de-ploermel.fr\/wp-content\/uploads\/2024\/01\/19160423CR-1024x768.jpg 1024w, https:\/\/lettresdepoilus-pays-de-ploermel.fr\/wp-content\/uploads\/2024\/01\/19160423CR-300x225.jpg 300w, https:\/\/lettresdepoilus-pays-de-ploermel.fr\/wp-content\/uploads\/2024\/01\/19160423CR-768x576.jpg 768w, https:\/\/lettresdepoilus-pays-de-ploermel.fr\/wp-content\/uploads\/2024\/01\/19160423CR-1536x1152.jpg 1536w, https:\/\/lettresdepoilus-pays-de-ploermel.fr\/wp-content\/uploads\/2024\/01\/19160423CR-2048x1536.jpg 2048w, https:\/\/lettresdepoilus-pays-de-ploermel.fr\/wp-content\/uploads\/2024\/01\/19160423CR-1140x855.jpg 1140w\" sizes=\"(max-width: 1024px) 100vw, 1024px\" \/><\/figure>\n<\/div>\n\n\n\n<div class=\"wp-block-column is-layout-flow wp-block-column-is-layout-flow\">\n<figure class=\"wp-block-image size-large\"><img decoding=\"async\" width=\"1024\" height=\"768\" src=\"https:\/\/lettresdepoilus-pays-de-ploermel.fr\/wp-content\/uploads\/2024\/01\/19160423CV-1024x768.jpg\" alt=\"\" class=\"wp-image-392\" srcset=\"https:\/\/lettresdepoilus-pays-de-ploermel.fr\/wp-content\/uploads\/2024\/01\/19160423CV-1024x768.jpg 1024w, https:\/\/lettresdepoilus-pays-de-ploermel.fr\/wp-content\/uploads\/2024\/01\/19160423CV-300x225.jpg 300w, https:\/\/lettresdepoilus-pays-de-ploermel.fr\/wp-content\/uploads\/2024\/01\/19160423CV-768x576.jpg 768w, https:\/\/lettresdepoilus-pays-de-ploermel.fr\/wp-content\/uploads\/2024\/01\/19160423CV-1536x1152.jpg 1536w, https:\/\/lettresdepoilus-pays-de-ploermel.fr\/wp-content\/uploads\/2024\/01\/19160423CV-2048x1536.jpg 2048w, https:\/\/lettresdepoilus-pays-de-ploermel.fr\/wp-content\/uploads\/2024\/01\/19160423CV-1140x855.jpg 1140w\" sizes=\"(max-width: 1024px) 100vw, 1024px\" \/><\/figure>\n<\/div>\n<\/div>\n\n\n\n<p class=\"has-cyan-bluish-gray-background-color has-background\"><strong><em>Date : 23 Avril 1916\u00a0<\/em><\/strong>&#8211; <strong><em>Exp\u00e9diteur : Eug\u00e8ne Bonnet<\/em><\/strong> &#8211; <strong><em>Destinataire : Valentine Bonnet<\/em><\/strong><\/p>\n\n\n\n<p class=\"has-cyan-bluish-gray-background-color has-background\"><strong><em>Lieu : D\u00fclmen (Allemagne-Westphalie)<\/em><\/strong><\/p>\n\n\n\n<p><em>Ma ch\u00e8re petite Valentine,<\/em><\/p>\n\n\n\n<p><em>Peu de chose \u00e0 te raconter car j\u2019ai encore chang\u00e9 de camp depuis le 16 de ce mois et voil\u00e0 une dizaine de jours que je n\u2019ai eu de nouvelles de personne avant de quitter D\u00fclmen.<\/em><\/p>\n\n\n\n<p><em>J\u2019avais touch\u00e9 ton colis du 24 Mars, pain, beurre, chocolat. Le 15 j\u2019ai eu ton poisson d\u2019Avril.<\/em><\/p>\n\n\n\n<p><em>Merci ma mignonne, je suis toujours en bonne sant\u00e9 malgr\u00e9 le cafard qui me ronge certains jours et je d\u00e9sire qu\u2019il en soit de m\u00eame pour toi ma ch\u00e9rie, ta tante, toute la famille et les amis.<\/em><\/p>\n\n\n\n<p><em>Le 15 j\u2019ai \u00e9crit une lettre \u00e0 Mme Saillard et le 16 une carte \u00e0 Mr Azemar.<\/em><\/p>\n\n\n\n<p><em>Tu me diras s\u2019ils les re\u00e7oivent. Ta tante m\u2019avait dit qu\u2019elle m\u2019enverrait comme \u00e0 toi leur photo mais voil\u00e0 3 semaines que je n\u2019ai pas eu de ses nouvelles, son dernier colis \u00e9tait exp\u00e9di\u00e9 de Malakoff au 1<sup>er<\/sup> Avril, je l&rsquo;ai touch\u00e9 le jour o\u00f9 j&rsquo;ai quitt\u00e9 D\u00fclmen.<\/em><\/p>\n\n\n\n<p><em>J\u2019ai retrouv\u00e9 Moreul de Brignac que j\u2019avais quitt\u00e9 \u00e0 Minden en Novembre dernier.<\/em><\/p>\n\n\n\n<p><em>Il fait mauvais temps depuis une quinzaine de jours, averses, pluie accompagn\u00e9es de vent parfois bien froid et nous ne suons pas dans la peine.<\/em><\/p>\n\n\n\n<p><em>Au revoir ma ch\u00e9rie, mille baisers affectueux. A bient\u00f4t de tes nouvelles, bonjour \u00e0 grand-m\u00e8re, \u00e0 Philo, \u00e0 Mr et Mme Louis, Saillard, un baiser \u00e0 ton petit cousin.<\/em><\/p>\n\n\n\n<p><em>Tu ajouteras \u00e0 l\u2019adresse: D\u00e9tachement n\u00b01 seulement.&nbsp;<\/em><\/p>\n","protected":false},"excerpt":{"rendered":"<p>Eug\u00e8ne Bonnet \u00e0 sa fille Valentine&#8230;<\/p>\n","protected":false},"author":2,"featured_media":0,"comment_status":"closed","ping_status":"closed","sticky":false,"template":"","format":"standard","meta":{"iawp_total_views":0,"footnotes":""},"categories":[9],"tags":[],"class_list":["post-390","post","type-post","status-publish","format-standard","hentry","category-correspondances-de-1916"],"acf":[],"_links":{"self":[{"href":"https:\/\/lettresdepoilus-pays-de-ploermel.fr\/index.php\/wp-json\/wp\/v2\/posts\/390","targetHints":{"allow":["GET"]}}],"collection":[{"href":"https:\/\/lettresdepoilus-pays-de-ploermel.fr\/index.php\/wp-json\/wp\/v2\/posts"}],"about":[{"href":"https:\/\/lettresdepoilus-pays-de-ploermel.fr\/index.php\/wp-json\/wp\/v2\/types\/post"}],"author":[{"embeddable":true,"href":"https:\/\/lettresdepoilus-pays-de-ploermel.fr\/index.php\/wp-json\/wp\/v2\/users\/2"}],"replies":[{"embeddable":true,"href":"https:\/\/lettresdepoilus-pays-de-ploermel.fr\/index.php\/wp-json\/wp\/v2\/comments?post=390"}],"version-history":[{"count":3,"href":"https:\/\/lettresdepoilus-pays-de-ploermel.fr\/index.php\/wp-json\/wp\/v2\/posts\/390\/revisions"}],"predecessor-version":[{"id":1028,"href":"https:\/\/lettresdepoilus-pays-de-ploermel.fr\/index.php\/wp-json\/wp\/v2\/posts\/390\/revisions\/1028"}],"wp:attachment":[{"href":"https:\/\/lettresdepoilus-pays-de-ploermel.fr\/index.php\/wp-json\/wp\/v2\/media?parent=390"}],"wp:term":[{"taxonomy":"category","embeddable":true,"href":"https:\/\/lettresdepoilus-pays-de-ploermel.fr\/index.php\/wp-json\/wp\/v2\/categories?post=390"},{"taxonomy":"post_tag","embeddable":true,"href":"https:\/\/lettresdepoilus-pays-de-ploermel.fr\/index.php\/wp-json\/wp\/v2\/tags?post=390"}],"curies":[{"name":"wp","href":"https:\/\/api.w.org\/{rel}","templated":true}]}}