{"id":3175,"date":"2024-06-15T17:03:36","date_gmt":"2024-06-15T15:03:36","guid":{"rendered":"https:\/\/saint-brieuc-de-mauron.com\/?p=3175"},"modified":"2025-06-08T21:14:16","modified_gmt":"2025-06-08T19:14:16","slug":"d-p-carte-du-4-septembre-1915","status":"publish","type":"post","link":"https:\/\/lettresdepoilus-pays-de-ploermel.fr\/index.php\/2024\/06\/15\/d-p-carte-du-4-septembre-1915\/","title":{"rendered":"D.P. Carte du 4 septembre 1915"},"content":{"rendered":"\n<figure class=\"wp-block-image size-large\"><img fetchpriority=\"high\" decoding=\"async\" width=\"1024\" height=\"768\" src=\"https:\/\/lettresdepoilus-pays-de-ploermel.fr\/wp-content\/uploads\/2024\/06\/IMG_4726-1024x768.jpg\" alt=\"\" class=\"wp-image-3176\" srcset=\"https:\/\/lettresdepoilus-pays-de-ploermel.fr\/wp-content\/uploads\/2024\/06\/IMG_4726-1024x768.jpg 1024w, https:\/\/lettresdepoilus-pays-de-ploermel.fr\/wp-content\/uploads\/2024\/06\/IMG_4726-300x225.jpg 300w, https:\/\/lettresdepoilus-pays-de-ploermel.fr\/wp-content\/uploads\/2024\/06\/IMG_4726-768x576.jpg 768w, https:\/\/lettresdepoilus-pays-de-ploermel.fr\/wp-content\/uploads\/2024\/06\/IMG_4726-1536x1152.jpg 1536w, https:\/\/lettresdepoilus-pays-de-ploermel.fr\/wp-content\/uploads\/2024\/06\/IMG_4726-2048x1536.jpg 2048w, https:\/\/lettresdepoilus-pays-de-ploermel.fr\/wp-content\/uploads\/2024\/06\/IMG_4726-1140x855.jpg 1140w\" sizes=\"(max-width: 1024px) 100vw, 1024px\" \/><\/figure>\n\n\n\n<figure class=\"wp-block-image size-large\"><img decoding=\"async\" width=\"1024\" height=\"768\" src=\"https:\/\/lettresdepoilus-pays-de-ploermel.fr\/wp-content\/uploads\/2024\/06\/IMG_4727-1024x768.jpg\" alt=\"\" class=\"wp-image-3177\" srcset=\"https:\/\/lettresdepoilus-pays-de-ploermel.fr\/wp-content\/uploads\/2024\/06\/IMG_4727-1024x768.jpg 1024w, https:\/\/lettresdepoilus-pays-de-ploermel.fr\/wp-content\/uploads\/2024\/06\/IMG_4727-300x225.jpg 300w, https:\/\/lettresdepoilus-pays-de-ploermel.fr\/wp-content\/uploads\/2024\/06\/IMG_4727-768x576.jpg 768w, https:\/\/lettresdepoilus-pays-de-ploermel.fr\/wp-content\/uploads\/2024\/06\/IMG_4727-1536x1152.jpg 1536w, https:\/\/lettresdepoilus-pays-de-ploermel.fr\/wp-content\/uploads\/2024\/06\/IMG_4727-2048x1536.jpg 2048w, https:\/\/lettresdepoilus-pays-de-ploermel.fr\/wp-content\/uploads\/2024\/06\/IMG_4727-1140x855.jpg 1140w\" sizes=\"(max-width: 1024px) 100vw, 1024px\" \/><\/figure>\n\n\n\n<p><\/p>\n\n\n\n<p class=\"has-medium-font-size\"><em>D\u00e9sir\u00e9 \u00e0 Eug\u00e8ne<br>\u00e0 H\u00f4pital de Contrexeville<br>04\/09\/1915<\/em><\/p>\n\n\n\n<p class=\"has-medium-font-size\"><em>Bien cher fr\u00e8re,<br>je t&rsquo;\u00e9cris deux mots pour te donner l&rsquo;\u00e9tat de ma sant\u00e9 qui est tr\u00e8s bonne et je d\u00e9sire que ma carte te trouve de m\u00eame et pour te demander comment que \u00e7a se fait que tu m&rsquo;\u00e9crives plus depuis le 12 Ao\u00fbt que je n&rsquo;ai pas eu de lettre de toi; mais j&rsquo;en attendais au plus vite; je ne connais rien de nouveau pour le moment. Je finis en t&#8217;embrassant de tout mon c\u0153ur. Ton fr\u00e8re qui t&rsquo;aime et qui pense \u00e0 toi.<br>D\u00e9sir\u00e9 Pambouc; 1er dragon, 3e escadron.<\/em><\/p>\n","protected":false},"excerpt":{"rendered":"<p>D\u00e9sir\u00e9 \u00e0 Eug\u00e8ne\u00e0 H\u00f4pital de Contrexeville04\/09\/1915 Bien cher fr\u00e8re,je t&rsquo;\u00e9cris deux mots pour te donner l&rsquo;\u00e9tat de ma sant\u00e9 qui est tr\u00e8s bonne et je d\u00e9sire que ma carte te trouve de m\u00eame et pour te demander comment que \u00e7a se fait que tu m&rsquo;\u00e9crives plus depuis le 12 Ao\u00fbt que je n&rsquo;ai pas eu de lettre de toi; mais j&rsquo;en attendais au plus vite; je ne connais rien de nouveau pour le moment. Je finis en t&#8217;embrassant de tout mon c\u0153ur. Ton fr\u00e8re qui t&rsquo;aime et qui pense \u00e0 toi.D\u00e9sir\u00e9 Pambouc; 1er dragon, 3e escadron.<\/p>\n","protected":false},"author":1,"featured_media":0,"comment_status":"closed","ping_status":"closed","sticky":false,"template":"","format":"standard","meta":{"iawp_total_views":1,"footnotes":""},"categories":[8],"tags":[],"class_list":["post-3175","post","type-post","status-publish","format-standard","hentry","category-correspondances-de-1915"],"acf":[],"_links":{"self":[{"href":"https:\/\/lettresdepoilus-pays-de-ploermel.fr\/index.php\/wp-json\/wp\/v2\/posts\/3175","targetHints":{"allow":["GET"]}}],"collection":[{"href":"https:\/\/lettresdepoilus-pays-de-ploermel.fr\/index.php\/wp-json\/wp\/v2\/posts"}],"about":[{"href":"https:\/\/lettresdepoilus-pays-de-ploermel.fr\/index.php\/wp-json\/wp\/v2\/types\/post"}],"author":[{"embeddable":true,"href":"https:\/\/lettresdepoilus-pays-de-ploermel.fr\/index.php\/wp-json\/wp\/v2\/users\/1"}],"replies":[{"embeddable":true,"href":"https:\/\/lettresdepoilus-pays-de-ploermel.fr\/index.php\/wp-json\/wp\/v2\/comments?post=3175"}],"version-history":[{"count":2,"href":"https:\/\/lettresdepoilus-pays-de-ploermel.fr\/index.php\/wp-json\/wp\/v2\/posts\/3175\/revisions"}],"predecessor-version":[{"id":15068,"href":"https:\/\/lettresdepoilus-pays-de-ploermel.fr\/index.php\/wp-json\/wp\/v2\/posts\/3175\/revisions\/15068"}],"wp:attachment":[{"href":"https:\/\/lettresdepoilus-pays-de-ploermel.fr\/index.php\/wp-json\/wp\/v2\/media?parent=3175"}],"wp:term":[{"taxonomy":"category","embeddable":true,"href":"https:\/\/lettresdepoilus-pays-de-ploermel.fr\/index.php\/wp-json\/wp\/v2\/categories?post=3175"},{"taxonomy":"post_tag","embeddable":true,"href":"https:\/\/lettresdepoilus-pays-de-ploermel.fr\/index.php\/wp-json\/wp\/v2\/tags?post=3175"}],"curies":[{"name":"wp","href":"https:\/\/api.w.org\/{rel}","templated":true}]}}