{"id":2292,"date":"1915-02-24T16:56:21","date_gmt":"1915-02-24T16:56:21","guid":{"rendered":"https:\/\/saint-brieuc-de-mauron.com\/?p=2292"},"modified":"2025-05-30T12:31:37","modified_gmt":"2025-05-30T10:31:37","slug":"e-p-24-fevrier-1915","status":"publish","type":"post","link":"https:\/\/lettresdepoilus-pays-de-ploermel.fr\/index.php\/1915\/02\/24\/e-p-24-fevrier-1915\/","title":{"rendered":"E.P. Lettre du 24 f\u00e9vrier 1915"},"content":{"rendered":"\n<div class=\"wp-block-columns is-layout-flex wp-container-core-columns-is-layout-9d6595d7 wp-block-columns-is-layout-flex\">\n<div class=\"wp-block-column is-layout-flow wp-block-column-is-layout-flow\">\n<figure class=\"wp-block-image size-large\"><img fetchpriority=\"high\" decoding=\"async\" width=\"768\" height=\"1024\" src=\"https:\/\/lettresdepoilus-pays-de-ploermel.fr\/wp-content\/uploads\/2024\/04\/IMG_4578-1-768x1024.jpg\" alt=\"\" class=\"wp-image-2294\" srcset=\"https:\/\/lettresdepoilus-pays-de-ploermel.fr\/wp-content\/uploads\/2024\/04\/IMG_4578-1-768x1024.jpg 768w, https:\/\/lettresdepoilus-pays-de-ploermel.fr\/wp-content\/uploads\/2024\/04\/IMG_4578-1-225x300.jpg 225w, https:\/\/lettresdepoilus-pays-de-ploermel.fr\/wp-content\/uploads\/2024\/04\/IMG_4578-1-1152x1536.jpg 1152w, https:\/\/lettresdepoilus-pays-de-ploermel.fr\/wp-content\/uploads\/2024\/04\/IMG_4578-1-1536x2048.jpg 1536w, https:\/\/lettresdepoilus-pays-de-ploermel.fr\/wp-content\/uploads\/2024\/04\/IMG_4578-1-1140x1520.jpg 1140w, https:\/\/lettresdepoilus-pays-de-ploermel.fr\/wp-content\/uploads\/2024\/04\/IMG_4578-1-scaled.jpg 1920w\" sizes=\"(max-width: 768px) 100vw, 768px\" \/><\/figure>\n<\/div>\n\n\n\n<div class=\"wp-block-column is-layout-flow wp-block-column-is-layout-flow\">\n<figure class=\"wp-block-image size-large\"><img decoding=\"async\" width=\"768\" height=\"1024\" src=\"https:\/\/lettresdepoilus-pays-de-ploermel.fr\/wp-content\/uploads\/2024\/04\/IMG_4580-768x1024.jpg\" alt=\"\" class=\"wp-image-2295\" srcset=\"https:\/\/lettresdepoilus-pays-de-ploermel.fr\/wp-content\/uploads\/2024\/04\/IMG_4580-768x1024.jpg 768w, https:\/\/lettresdepoilus-pays-de-ploermel.fr\/wp-content\/uploads\/2024\/04\/IMG_4580-225x300.jpg 225w, https:\/\/lettresdepoilus-pays-de-ploermel.fr\/wp-content\/uploads\/2024\/04\/IMG_4580-1152x1536.jpg 1152w, https:\/\/lettresdepoilus-pays-de-ploermel.fr\/wp-content\/uploads\/2024\/04\/IMG_4580-1536x2048.jpg 1536w, https:\/\/lettresdepoilus-pays-de-ploermel.fr\/wp-content\/uploads\/2024\/04\/IMG_4580-1140x1520.jpg 1140w, https:\/\/lettresdepoilus-pays-de-ploermel.fr\/wp-content\/uploads\/2024\/04\/IMG_4580-scaled.jpg 1920w\" sizes=\"(max-width: 768px) 100vw, 768px\" \/><\/figure>\n<\/div>\n<\/div>\n\n\n\n<div style=\"height:20px\" aria-hidden=\"true\" class=\"wp-block-spacer\"><\/div>\n\n\n\n<figure class=\"wp-block-image size-large\"><img decoding=\"async\" width=\"1024\" height=\"768\" src=\"https:\/\/lettresdepoilus-pays-de-ploermel.fr\/wp-content\/uploads\/2024\/04\/IMG_4579-1024x768.jpg\" alt=\"\" class=\"wp-image-2296\" srcset=\"https:\/\/lettresdepoilus-pays-de-ploermel.fr\/wp-content\/uploads\/2024\/04\/IMG_4579-1024x768.jpg 1024w, https:\/\/lettresdepoilus-pays-de-ploermel.fr\/wp-content\/uploads\/2024\/04\/IMG_4579-300x225.jpg 300w, https:\/\/lettresdepoilus-pays-de-ploermel.fr\/wp-content\/uploads\/2024\/04\/IMG_4579-768x576.jpg 768w, https:\/\/lettresdepoilus-pays-de-ploermel.fr\/wp-content\/uploads\/2024\/04\/IMG_4579-1536x1152.jpg 1536w, https:\/\/lettresdepoilus-pays-de-ploermel.fr\/wp-content\/uploads\/2024\/04\/IMG_4579-2048x1536.jpg 2048w, https:\/\/lettresdepoilus-pays-de-ploermel.fr\/wp-content\/uploads\/2024\/04\/IMG_4579-1140x855.jpg 1140w\" sizes=\"(max-width: 1024px) 100vw, 1024px\" \/><\/figure>\n\n\n\n<p>&nbsp;24.02.1915 &#8211; Eug\u00e8ne Pambouc \u00e0 sa famille.<\/p>\n\n\n\n<p>Brest, Jeudi 24 f\u00e9vrier 1915,<\/p>\n\n\n\n<p>Chers parents,<\/p>\n\n\n\n<p>J\u2019arrivai \u00e0 midi \u00e0 Brest. A notre arriv\u00e9e, on m\u2019a cueilli avec les camarades et en avant pour la caserne Fautras o\u00f9 l\u2019on prend nos noms chez les officiers et les majors. Nous retournons ailleurs o\u00f9 l\u2019on reprend nos noms et nous touchons une couverture pour la nuit. Apr\u00e8s 5 heures, petit tour en ville. Le lendemain on nous habille, ce sont les premiers exercices, puis la soupe&nbsp;; vers 9 heures le rata. Mercredi nous retournons \u00e0 l\u2019exercice et \u00e0 la corv\u00e9e. Jeudi&nbsp;: exercices, rata excellent, lard frais et b\u0153uf, pois et patates. La cuisine est bonne, le jus aussi. Je vous d\u00e9fends de me rien m\u2019envoyer, j\u2019ai ce qu\u2019il faut.<\/p>\n\n\n\n<p>Je vous dirai que Brest est une ville rare, il faut avoir vu la rade o\u00f9 \u00e9voluent 50 bateaux de tous tonnage, chaloupes et vapeurs, ses larges routes sillonn\u00e9es de tramways doubles, ses \u00e9l\u00e9gantes et fascinantes devantures, ses milles beaut\u00e9s impossibles \u00e0 d\u00e9crire pour s\u2019en faire une id\u00e9e. Quand la nuit descend, que le port et la ville s\u2019allument de mille feux, c\u2019est vraiment f\u00e9\u00e9rique et majestueux.<\/p>\n\n\n\n<p>La ville est plus que pleine de soldats et il arrive des civils tous les jours. Je me suis vite fait au m\u00e9tier. Je compte d\u00e9j\u00e0 que des amis&nbsp;; j\u2019esp\u00e8re que tout ira au mieux. Je crois qu\u2019ils nous paieront nos souliers, chaussettes et cale\u00e7ons. Je m\u2019arrangerai pour mes gilets, casquette et culottes. J\u2019ai touch\u00e9 un k\u00e9pi, une veste, une cravate, un cale\u00e7on, des jambi\u00e8res, une gamelle, quart, cuill\u00e8re et fourchette.<\/p>\n\n\n\n<p>Vous parlez si les brestois nous regardent passer&nbsp;! J\u2019ai eu la surprise de voir mon cousin Eug\u00e8ne Pambouc arriv\u00e9 de mardi soir de Paris, il n\u2019est point encore habill\u00e9. Nos chefs sont bons et doux. J\u2019ai \u00e9crit chez Languille. J\u2019\u00e9crirai \u00e0 ma marraine et \u00e0 mon parrain. Vous ne sauriez croire comme l\u2019habit me va&nbsp;! Priez pour moi que je puisse le garder et faire tout mon devoir&nbsp;! J\u2019ai si peu envie d\u2019\u00eatre un l\u00e2che que je voudrais servir mon pays comme le petit et cher Dragon D\u00e9sir\u00e9&nbsp;!<\/p>\n\n\n\n<p>Il y en a ici plusieurs revenus du front m\u00eame des m\u00e9daill\u00e9s. Ce qu\u2019ils sont beaux \u00e0 voir avec leurs habits sales et d\u00e9chir\u00e9s et leur front de h\u00e9ros h\u00e2l\u00e9s et brunis par les fatigues et les souffrances de la guerre&nbsp;! Je voudrais \u00eatre l\u2019un d\u2019eux. Je n\u2019ai jamais autant compris qu\u2019il fallait aimer la France. Aimez-la comme vous m\u2019aimez mais mille fois plus que vous m\u2019aimez&nbsp;! Je ne vous ai rien dit des fortifications de Brest, elles sont, \u00e0 mon sens, tout simplement admirables. Je crois la ville imprenable, aussi bien de mer que de terre. Je vous dirais que plusieurs pr\u00eatres sont venus s\u2019habiller comme nous, je crois&nbsp;!<\/p>\n\n\n\n<p>Je me tracasse le moins possible, autant vous dire pas du tout, faites comme moi. Nous avons une cantine. En passant, figurez-vous que j\u2019ai r\u00eav\u00e9 deux fois que j\u2019\u00e9tais \u00e0 Mauron en compagnie de Sohier de Brignac. \u00e7a m\u2019a \u00e9t\u00e9 une \u00e9motion bien douce, j\u2019ai dormi d\u2019un bon sommeil. Je pense sans cesse \u00e0 tous&nbsp;! \u00e0 vous, chers et bien-aim\u00e9s parents vers qui va tout mon amour de fils. D\u00e9sir\u00e9 et Fran\u00e7oise vers qui va tout mon amour de fr\u00e8re&nbsp;! Mon parrain et ma marraine, vers qui tout mon amour de filleul, Chez Salmon, Ham\u00e9on, Languille et Hervot vers qui va tout mon amour d\u2019ami.<\/p>\n\n\n\n<p>Je crois que nous passons la visite demain, ce sera comme ce sera&nbsp;! Mon sort n\u2019est point entre mes mains, on m\u2019a dit qu\u2019on nous vaccinera. Dites bonjour \u00e0 tous que vous me savez chers entre tous&nbsp;! N\u2019oubliez point notre bon chat qui sait si bien caresser et aimer&nbsp;!<\/p>\n\n\n\n<p>Dites-vous bien que si je ne puis vous aider c\u2019est seulement de la faute des boches&nbsp;! Priez pour qu\u2019ils soient bient\u00f4t esquint\u00e9s&nbsp;! Dites \u00e0 Fran\u00e7oise de me remplacer un peu aupr\u00e8s de vous, quant \u00e0 toi maman, conserve bien tes yeux&nbsp;! sois prudente. Entr\u2019aimez-vous comme je vous aime&nbsp;! Comme on s\u2019aime ici \u00e0 la caserne, ici c\u2019est une grande maison et une grande famille&nbsp;!<\/p>\n\n\n\n<p>Je vous souhaite toujours de vous bien porter&nbsp;! ma sant\u00e9, \u00e0 moi, idem. C\u0153ur contrariable, yeux et estomac aussi&nbsp;!<\/p>\n\n\n\n<p>Devant nous on fait toujours des obus&nbsp;! Ils sont quelque chose, allez&nbsp;! Gare \u00e0 vous les boches&nbsp;!<\/p>\n\n\n\n<p>A une autre fois, votre fils aimant. &nbsp;&nbsp;&nbsp;&nbsp;&nbsp;&nbsp;<\/p>\n\n\n\n<p>P.E \u00e0 Brest \u2013 2<sup>\u00e8me<\/sup> Colonial \u2013 26<sup>\u00e8me<\/sup> Compagnie \u2013 1<sup>\u00e8re<\/sup> Section \u2013 2<sup>\u00e8me<\/sup> escouade.<\/p>\n","protected":false},"excerpt":{"rendered":"<p>Eug\u00e8ne Pambouc \u00e0 ses parents&#8230;<\/p>\n","protected":false},"author":2,"featured_media":0,"comment_status":"closed","ping_status":"closed","sticky":false,"template":"","format":"standard","meta":{"iawp_total_views":1,"footnotes":""},"categories":[8],"tags":[],"class_list":["post-2292","post","type-post","status-publish","format-standard","hentry","category-correspondances-de-1915"],"acf":[],"_links":{"self":[{"href":"https:\/\/lettresdepoilus-pays-de-ploermel.fr\/index.php\/wp-json\/wp\/v2\/posts\/2292","targetHints":{"allow":["GET"]}}],"collection":[{"href":"https:\/\/lettresdepoilus-pays-de-ploermel.fr\/index.php\/wp-json\/wp\/v2\/posts"}],"about":[{"href":"https:\/\/lettresdepoilus-pays-de-ploermel.fr\/index.php\/wp-json\/wp\/v2\/types\/post"}],"author":[{"embeddable":true,"href":"https:\/\/lettresdepoilus-pays-de-ploermel.fr\/index.php\/wp-json\/wp\/v2\/users\/2"}],"replies":[{"embeddable":true,"href":"https:\/\/lettresdepoilus-pays-de-ploermel.fr\/index.php\/wp-json\/wp\/v2\/comments?post=2292"}],"version-history":[{"count":3,"href":"https:\/\/lettresdepoilus-pays-de-ploermel.fr\/index.php\/wp-json\/wp\/v2\/posts\/2292\/revisions"}],"predecessor-version":[{"id":14737,"href":"https:\/\/lettresdepoilus-pays-de-ploermel.fr\/index.php\/wp-json\/wp\/v2\/posts\/2292\/revisions\/14737"}],"wp:attachment":[{"href":"https:\/\/lettresdepoilus-pays-de-ploermel.fr\/index.php\/wp-json\/wp\/v2\/media?parent=2292"}],"wp:term":[{"taxonomy":"category","embeddable":true,"href":"https:\/\/lettresdepoilus-pays-de-ploermel.fr\/index.php\/wp-json\/wp\/v2\/categories?post=2292"},{"taxonomy":"post_tag","embeddable":true,"href":"https:\/\/lettresdepoilus-pays-de-ploermel.fr\/index.php\/wp-json\/wp\/v2\/tags?post=2292"}],"curies":[{"name":"wp","href":"https:\/\/api.w.org\/{rel}","templated":true}]}}