{"id":1929,"date":"2024-03-24T09:13:22","date_gmt":"2024-03-24T08:13:22","guid":{"rendered":"https:\/\/saint-brieuc-de-mauron.com\/?p=1929"},"modified":"2025-06-02T16:51:54","modified_gmt":"2025-06-02T14:51:54","slug":"jean-bonnet","status":"publish","type":"post","link":"https:\/\/lettresdepoilus-pays-de-ploermel.fr\/index.php\/2024\/03\/24\/jean-bonnet\/","title":{"rendered":"Jean BONNET"},"content":{"rendered":"\n<p class=\"has-text-align-center\">Jean Pierre BONNET est n\u00e9 le 2 ao\u00fbt 1879 \u00e0 Saint-Brieuc-de-Mauron et est d\u00e9c\u00e9d\u00e9 le 17 juillet 1916 \u00e0 FLAUCOURT (Somme) Il \u00e9tait lieutenant dans le 1er R\u00e9giment d&rsquo;Artillerie Coloniale.<\/p>\n\n\n\n<p>Durant la guerre 14-18 les lieutenants ont subit d&rsquo;\u00e9normes pertes humaines en proportion des hommes de troupe. Ce sont les lieutenants qui donnaient l&rsquo;assaut arm\u00e9s seulement d&rsquo;un revolver. Ils \u00e9taient la premi\u00e8re cible des lignes ennemies.     <\/p>\n\n\n\n<figure class=\"wp-block-image size-full\"><img fetchpriority=\"high\" decoding=\"async\" width=\"543\" height=\"391\" src=\"https:\/\/lettresdepoilus-pays-de-ploermel.fr\/wp-content\/uploads\/2025\/06\/image.png\" alt=\"\" class=\"wp-image-14771\" srcset=\"https:\/\/lettresdepoilus-pays-de-ploermel.fr\/wp-content\/uploads\/2025\/06\/image.png 543w, https:\/\/lettresdepoilus-pays-de-ploermel.fr\/wp-content\/uploads\/2025\/06\/image-300x216.png 300w\" sizes=\"(max-width: 543px) 100vw, 543px\" \/><\/figure>\n\n\n\n<figure class=\"wp-block-image size-full is-resized\"><img decoding=\"async\" width=\"491\" height=\"211\" src=\"https:\/\/lettresdepoilus-pays-de-ploermel.fr\/wp-content\/uploads\/2025\/06\/image-1.png\" alt=\"\" class=\"wp-image-14772\" style=\"width:544px;height:auto\" srcset=\"https:\/\/lettresdepoilus-pays-de-ploermel.fr\/wp-content\/uploads\/2025\/06\/image-1.png 491w, https:\/\/lettresdepoilus-pays-de-ploermel.fr\/wp-content\/uploads\/2025\/06\/image-1-300x129.png 300w\" sizes=\"(max-width: 491px) 100vw, 491px\" \/><\/figure>\n\n\n\n<figure class=\"wp-block-image size-full is-resized\"><img decoding=\"async\" width=\"506\" height=\"203\" src=\"https:\/\/lettresdepoilus-pays-de-ploermel.fr\/wp-content\/uploads\/2025\/06\/image-2.png\" alt=\"\" class=\"wp-image-14773\" style=\"width:543px;height:auto\" srcset=\"https:\/\/lettresdepoilus-pays-de-ploermel.fr\/wp-content\/uploads\/2025\/06\/image-2.png 506w, https:\/\/lettresdepoilus-pays-de-ploermel.fr\/wp-content\/uploads\/2025\/06\/image-2-300x120.png 300w\" sizes=\"(max-width: 506px) 100vw, 506px\" \/><\/figure>\n\n\n\n<p class=\"has-text-align-center\">Voici les cartes postales qu&rsquo;il a \u00e9crit aux siens lorsqu&rsquo;il \u00e9tait au front, elles sont publi\u00e9es sur le site. <\/p>\n\n\n\n<p class=\"has-black-color has-luminous-vivid-amber-background-color has-text-color has-background has-link-color has-small-font-size wp-elements-42fe3e7a879c2eb31c01c467ff665239\"><strong><em>Date : 28 Octobre 1914<\/em><\/strong>&nbsp;\u2013&nbsp;<strong><em>Exp\u00e9diteur : Jean Bonnet<\/em><\/strong>&nbsp;\u2013&nbsp;<strong><em>Destinataire : Marie Bonnet  <\/em><\/strong><em>: Depuis la r\u00e9ception de tes premi\u00e8res lettres je t\u2019\u00e9cris souvent, j\u2019ignore si tu re\u00e7ois toutes mes cartes. Je pense que oui car la poste fonctionne assez r\u00e9guli\u00e8rement.<\/em> <em>J\u2019ai lu un des journaux qui pourrait avoir des nouvelles du prisonnier par l\u2019interm\u00e9diaire de la Croix Rouge. Vois monsieur Louis qui pourra te renseigner. Mais encore soit courageuse tu le reverras certainement.<\/em> <em>Tant qu\u2019\u00e0 moi tout va bien sur le champ de bataille relativement calme depuis plusieurs jours dans la r\u00e9gion o\u00f9 je me trouve.<\/em> <em>Pour l\u2019instant nous sommes tr\u00e8s bien. Nous avons \u00e9lu domicile dans un terrier \u00e0 l\u2019abri d\u2019une montagne, nous avons rendu cet abri le plus confortable possible. Nous ne manquons de rien, nous avons re\u00e7u des v\u00eatements chauds des compatriotes.<\/em> <em>La France est vraiment gentille avec ses enfants aussi devrons nous lui t\u00e9moigner notre reconnaissance.<\/em> <em>Au revoir ma ch\u00e8re Marie et \u00e0 Valentine mes plus affectueux baisers.<\/em> <em>Jean&nbsp;&nbsp;<\/em><\/p>\n\n\n\n<p class=\"has-black-color has-pale-cyan-blue-background-color has-text-color has-background has-link-color has-small-font-size wp-elements-27c9744a43bd2602432fd17edb05cf16\"><em><strong>Date : 31 Octobre 1914 \u2013 Exp\u00e9diteur : Jean<\/strong><\/em>&nbsp;<strong><em>Bonnet<\/em><\/strong>&nbsp;\u2013&nbsp;<strong style=\"\"><i>Destinataire : Valentine Bonnet<\/i><\/strong> : <em>Ma ch\u00e8re petite Valentine,<\/em> <em>Tu devrais avoir bien du chagrin d\u2019\u00eatre s\u00e9par\u00e9e de ton papa. Les allemands l\u2019ont pris, mais prend courage tes oncles le vengeront et le feront bient\u00f4t, il faut prendre patience, avoir du courage et ne pas te chagriner.<\/em> <em>Il restera pr\u00e8s de toi et ta m\u00e8re. Si tu voyais ces petites fran\u00e7aises auxquelles les allemands ont pris leur p\u00e8re et leur m\u00e8re et br\u00fbl\u00e9 leur maison. Ces petites malheureuses fuient l\u2019horreur des champs de bataille sans la protection des soldats fran\u00e7ais, et s\u2019en vont vers un pays inconnu, implorent le secours l\u2019assistance publique.<\/em> <em>Ma ch\u00e8re petite Valentine quand tu penseras \u00e0 ces petites abandonn\u00e9es qui pleurent leurs parents tu auras piti\u00e9, toi qui est si bonne et tu diras je ne suis pas la plus malheureuse, apprends d\u00e8s maintenant \u00e0 ha\u00efr ces barbares d\u2019allemands qui ont essay\u00e9 d\u2019envahir notre belle et paisible France mais n\u2019y ont pas r\u00e9ussi malgr\u00e9 leur force brutale car tous les fran\u00e7ais dans un \u00e9lan patriotique se sont livr\u00e9s et ont oppos\u00e9 une r\u00e9sistance h\u00e9ro\u00efque \u00e0 l\u2019envahissement et seront bient\u00f4t hors de France, mais la victoire demandera de grands sacrifices.<\/em> <em>Nombreuses sont d\u00e9j\u00e0 les petites filles qui pleurent leur p\u00e8re, nombreux sont les braves tomb\u00e9s au champ d\u2019honneur mais la vie de la patrie en d\u00e9pend et chacun doit faire tout son devoir.<\/em> <em>Ton devoir \u00e0 toi ma petite Valentine, c\u2019est d\u2019\u00eatre courageuse pour ne pas augmenter le chagrin de ta m\u00e8re.<\/em> <em>Au revoir ma petite Valentine et embrasse bien fort ta m\u00e8re pour moi. Tonton Jean.<\/em><\/p>\n\n\n\n<p class=\"has-black-color has-light-green-cyan-background-color has-text-color has-background has-link-color has-small-font-size wp-elements-573004a583dce942479f8ea2e19154c5\"><strong><em>Date : 7 F\u00e9vrier 1915<\/em><\/strong>&nbsp;\u2013&nbsp;<strong><em>Exp\u00e9diteur : Lieutenant Bonnet<\/em><\/strong>&nbsp;\u2013&nbsp;<strong><em>Destinataire : Mme Marie Bonnet<\/em><\/strong> : <em>Ch\u00e8res s\u0153ur et ni\u00e8ce,<\/em> <em>Depuis longtemps il m\u2019a \u00e9t\u00e9 impossible de vous donner de mes nouvelles. Aujourd\u2019hui j\u2019ai l\u2019occasion de vous faire parvenir un petit mot pour vous dire que tout va bien, j\u2019ai derni\u00e8rement re\u00e7u une lettre d\u2019Eug\u00e8ne.<\/em> <em>Je vous embrasse affectueusement toutes les deux.<\/em><\/p>\n\n\n\n<p class=\"has-black-color has-pale-pink-background-color has-text-color has-background has-link-color has-small-font-size wp-elements-12c47d2c3cea27b4dbf74d5622b04bf0\"><strong><em>Date : 15 Octobre 1915<\/em><\/strong>&nbsp;\u2013&nbsp;<strong><em>Exp\u00e9diteur : Jean<\/em><\/strong>&nbsp;<em><strong>Bonnet \u2013&nbsp;<\/strong><\/em><strong><em>Destinataire : Valentine Bonnet<\/em><\/strong> : <em>Ma ch\u00e8re Valentine,<\/em> <em>J\u2019ai re\u00e7u ta gentille carte, c\u2019est tr\u00e8s bien d\u2019avoir pens\u00e9 \u00e0 tonton Jean qui est l\u00e0-bas bien loin dans la for\u00eat pour venger ton p\u00e8re et d\u00e9truire ces vilains boches qui empoisonnent l\u2019existence du monde entier ; mais les poux aidant nous aurons bient\u00f4t fini d\u2019an\u00e9antir cette sale race qui tue les m\u00e8res et qui mange les enfants.<\/em> <em>Apr\u00e8s le monde pourra vivre en paix car avec eux disparaitront les terribles guerres qui font pleurer l\u2019humanit\u00e9 enti\u00e8re.<\/em> <em>Du courage ma petite Valentine ton papa reviendra et tes oncles aussi, nous irons encore dans les bois cueillir les fleurs avec Voltaire comme autrefois. Mais avant il faut faire son devoir, il faut que la France sorte de ses jours douloureux plus grande et plus belle. Il faut d\u00e9barrasser de son sol ces pillards incendiaires, il faut venger ceux qui sont morts.<\/em> <em>Au revoir ma petite Valentine, \u00e9crit moi souvent.&nbsp;Ton oncle qui t\u2019embrasse bien fort.<\/em> <em>Jean&nbsp;&nbsp;&nbsp;&nbsp;&nbsp;<\/em><\/p>\n\n\n\n<p class=\"has-luminous-vivid-orange-background-color has-background has-small-font-size\"><strong><em>Date : 10 Juin 1916<\/em><\/strong> &#8211; <strong><em>Exp\u00e9diteur : Jean Bonnet<\/em><\/strong>&nbsp;\u2013&nbsp;<strong><em>Destinataire : Valentine Bonnet<\/em><\/strong> : <em>Ma ch\u00e8re petite Valentine,<\/em> <em>Tu dois penser que je t\u2019ai tout \u00e0 fait oubli\u00e9. Non ma fille, loin de la maison j\u2019ai \u00e9t\u00e9 malade ce qui est la cause de tant de retard, tu me le pardonneras.<\/em> <em>D\u2019abord, je tiens \u00e0 te f\u00e9liciter d\u2019avoir fait ta deuxi\u00e8me communion, c\u2019est tr\u00e8s bien \u00e7a. Tu me disais aussi que tu travaillais pour ton certificat. Certes tu ne redoubleras pas, tu es trop intelligente pour \u00e7a. Comme ton p\u00e8re sera heureux de voir tous les progr\u00e8s que tu as fait, car maintenant, je crois que sa d\u00e9livrance n\u2019est pas loin.<\/em> <em>Ma ch\u00e8re petite, tu vas peut \u00eatre trouver que je ne suis pas g\u00e9n\u00e9reux de ne rien t\u2019envoyer pour tout ton beau travail mais tu le comprendras que pendant ces temps de guerre on d\u00e9sire surtout la vie.<\/em> <em>Tu vas bient\u00f4t avoir la soci\u00e9t\u00e9 \u00e0 Camille et sa maman, ils vont retourner \u00e0 Mauron, je crois le mois prochain. Quand tu nous \u00e9criras, tu seras bien gentille de nous donner des nouvelles du pays comme tu le dis \u00e0 ton papa. Tout \u00e7a nous int\u00e9resse car nous connaissons presque tout le monde.<\/em> <em>Je vais te donner l\u2019adresse de ton oncle Jean, il y a un bon moment qu\u2019il ne nous a pas \u00e9crit.<\/em> <em>Lieutenant Bonnet\u20141er R\u00e9giment Artillerie Coloniale\u20142e groupe\u2014Secteur 13<\/em><\/p>\n\n\n\n<p class=\"has-white-color has-vivid-purple-background-color has-text-color has-background has-link-color has-small-font-size wp-elements-974aef17e33b82037e0b0dd2874bbb62\"><strong><em>Date : 22 Juin 1916<\/em><\/strong> &#8211; <strong><em>Exp\u00e9diteur : Lieutenant Bonnet<\/em><\/strong>&nbsp;\u2013&nbsp;<strong><em>Destinataire : Valentine Bonnet<\/em><\/strong>&nbsp;: <em>Ma ch\u00e8re Valentine,<\/em> <em>Depuis longtemps tu n\u2019as pas re\u00e7u de mes nouvelles mais n\u2019en crois pas que je pense moins \u00e0 toi. J\u2019ai pass\u00e9 les temps derniers une p\u00e9riode p\u00e9nible, je n\u2019avais pas le temps d\u2019\u00e9crire souvent. Ces jours ci je suis en permission de 4 jours \u00e0 Paris, je repars samedi soir. J\u2019aurai bien voulu aller en Bretagne mais c\u2019est bien loin !<\/em> <em>J\u2019aurais pass\u00e9 toute ma permission en voyage. Je prom\u00e8ne ton petit cousin Marcel qui maintenant est un grand gar\u00e7on. Et toi ma ch\u00e8re Valentine, tu es aussi une grande fille maintenant, je voudrais bien te voir mais h\u00e9las samedi il faut que je retourne \u00e0 mon poste de combat . Les boches sont encore en France et ton p\u00e8re est encore en Allemagne. Nous avons re\u00e7u de ses nouvelles tout r\u00e9cemment et se porte bien malgr\u00e9 tout. Il a h\u00e2te de revoir sa petite fille, qu\u2019il prenne courage nous le lib\u00e9rerons bient\u00f4t.<\/em> <em>Tu donneras le bonjour de ma part \u00e0 ta marraine et \u00e0 ta tante ainsi qu\u2019\u00e0 Mr et Mme Louis et \u00e0 madame Saillard.<\/em> <em>Sois bien aimable et reconnaissante envers eux, qui \u00e0 pr\u00e9sent, te tiennent de parents. Sois studieuse et travaille bien en attendant la fin de la guerre quand ton p\u00e8re et nous serons revenus. Tu pourras te reposer et te promener.<\/em> <em>Au revoir ma ch\u00e8re Valentine, je t\u2019embrasse bien des fois.<\/em> <em>Tonton Jean.<\/em><\/p>\n\n\n\n<p class=\"has-text-align-center\"><strong>Extraits du parcours militaire du 1er R\u00e9giment d&rsquo;Artillerie Coloniale <\/strong><\/p>\n\n\n<div class=\"wp-block-image\">\n<figure class=\"aligncenter size-full is-resized\"><img loading=\"lazy\" decoding=\"async\" width=\"765\" height=\"313\" src=\"https:\/\/lettresdepoilus-pays-de-ploermel.fr\/wp-content\/uploads\/2024\/03\/image-20.png\" alt=\"\" class=\"wp-image-1930\" style=\"width:786px;height:auto\" srcset=\"https:\/\/lettresdepoilus-pays-de-ploermel.fr\/wp-content\/uploads\/2024\/03\/image-20.png 765w, https:\/\/lettresdepoilus-pays-de-ploermel.fr\/wp-content\/uploads\/2024\/03\/image-20-300x123.png 300w\" sizes=\"(max-width: 765px) 100vw, 765px\" \/><\/figure>\n<\/div>\n\n<div class=\"wp-block-image\">\n<figure class=\"aligncenter size-full is-resized\"><img loading=\"lazy\" decoding=\"async\" width=\"815\" height=\"558\" src=\"https:\/\/lettresdepoilus-pays-de-ploermel.fr\/wp-content\/uploads\/2024\/03\/image-23.png\" alt=\"\" class=\"wp-image-1933\" style=\"width:788px;height:auto\" srcset=\"https:\/\/lettresdepoilus-pays-de-ploermel.fr\/wp-content\/uploads\/2024\/03\/image-23.png 815w, https:\/\/lettresdepoilus-pays-de-ploermel.fr\/wp-content\/uploads\/2024\/03\/image-23-300x205.png 300w, https:\/\/lettresdepoilus-pays-de-ploermel.fr\/wp-content\/uploads\/2024\/03\/image-23-768x526.png 768w\" sizes=\"(max-width: 815px) 100vw, 815px\" \/><\/figure>\n<\/div>\n\n\n<div style=\"height:100px\" aria-hidden=\"true\" class=\"wp-block-spacer\"><\/div>\n\n\n\n<h5 class=\"wp-block-heading has-text-align-center\">Historique du 1er R\u00e9giment d&rsquo;Artillerie Colonial<\/h5>\n\n\n\n<p class=\"has-text-align-center has-vivid-cyan-blue-color has-text-color has-link-color wp-elements-10af205c8ee56c38aa3bd56bf3e9f0ab\">Source gallica.bnf.fr \/ Biblioth\u00e8que nationale de France<\/p>\n\n\n\n<div data-wp-interactive=\"core\/file\" class=\"wp-block-file\"><object data-wp-bind--hidden=\"!state.hasPdfPreview\" hidden class=\"wp-block-file__embed\" data=\"https:\/\/lettresdepoilus-pays-de-ploermel.fr\/wp-content\/uploads\/2024\/03\/Historique_du_1er_regiment_dartillerie_._bpt6k63444902-1.pdf\" type=\"application\/pdf\" style=\"width:100%;height:600px\" aria-label=\"Contenu embarqu\u00e9 Historique_du_1er_r\u00e9giment_d&apos;artillerie_[...]_bpt6k63444902 (1).\"><\/object><a id=\"wp-block-file--media-614646db-36b9-4a5a-bdd1-326cef19707d\" href=\"https:\/\/lettresdepoilus-pays-de-ploermel.fr\/wp-content\/uploads\/2024\/03\/Historique_du_1er_regiment_dartillerie_._bpt6k63444902-1.pdf\">Historique_du_1er_r\u00e9giment_d&rsquo;artillerie_[&#8230;]_bpt6k63444902 (1)<\/a><a href=\"https:\/\/lettresdepoilus-pays-de-ploermel.fr\/wp-content\/uploads\/2024\/03\/Historique_du_1er_regiment_dartillerie_._bpt6k63444902-1.pdf\" class=\"wp-block-file__button wp-element-button\" download aria-describedby=\"wp-block-file--media-614646db-36b9-4a5a-bdd1-326cef19707d\">T\u00e9l\u00e9charger<\/a><\/div>\n","protected":false},"excerpt":{"rendered":"<p>Jean Pierre BONNET est n\u00e9 le 2 ao\u00fbt 1879 \u00e0 Saint-Brieuc-de-Mauron et est d\u00e9c\u00e9d\u00e9 le 17 juillet 1916 \u00e0 FLAUCOURT (Somme) Il \u00e9tait lieutenant dans le 1er R\u00e9giment d&rsquo;Artillerie Coloniale. Durant la guerre 14-18 les lieutenants ont subit d&rsquo;\u00e9normes pertes humaines en proportion des hommes de troupe. Ce sont les lieutenants qui donnaient l&rsquo;assaut arm\u00e9s seulement d&rsquo;un revolver. Ils \u00e9taient la premi\u00e8re cible des lignes ennemies. Voici les cartes postales qu&rsquo;il a \u00e9crit aux siens lorsqu&rsquo;il \u00e9tait au front, elles sont publi\u00e9es sur le site. Date : 28 Octobre 1914&nbsp;\u2013&nbsp;Exp\u00e9diteur : Jean Bonnet&nbsp;\u2013&nbsp;Destinataire : Marie Bonnet : Depuis la r\u00e9ception de tes premi\u00e8res lettres je t\u2019\u00e9cris souvent, j\u2019ignore si tu re\u00e7ois toutes mes cartes. Je pense que oui car la poste fonctionne assez r\u00e9guli\u00e8rement. J\u2019ai lu un des journaux qui pourrait avoir des nouvelles du prisonnier par l\u2019interm\u00e9diaire de la Croix Rouge. Vois monsieur Louis qui pourra te renseigner. Mais encore soit courageuse tu le reverras certainement. Tant qu\u2019\u00e0 moi tout va bien sur le champ de bataille relativement calme depuis plusieurs jours dans la r\u00e9gion o\u00f9 je me trouve. Pour l\u2019instant nous sommes tr\u00e8s bien. Nous avons \u00e9lu domicile dans un terrier \u00e0 l\u2019abri d\u2019une montagne, nous avons rendu cet abri le plus confortable possible. Nous ne manquons de rien, nous avons re\u00e7u des v\u00eatements chauds des compatriotes. La France est vraiment gentille avec ses enfants aussi devrons nous lui t\u00e9moigner notre reconnaissance. Au revoir ma ch\u00e8re Marie et \u00e0 Valentine mes plus affectueux baisers. Jean&nbsp;&nbsp; Date : 31 Octobre 1914 \u2013 Exp\u00e9diteur : Jean&nbsp;Bonnet&nbsp;\u2013&nbsp;Destinataire : Valentine Bonnet : Ma ch\u00e8re petite Valentine, Tu devrais avoir bien du chagrin d\u2019\u00eatre s\u00e9par\u00e9e de ton papa. Les allemands l\u2019ont pris, mais prend courage tes oncles le vengeront et le feront bient\u00f4t, il faut prendre patience, avoir du courage et ne pas te chagriner. Il restera pr\u00e8s de toi et ta m\u00e8re. Si tu voyais ces petites fran\u00e7aises auxquelles les allemands ont pris leur p\u00e8re et leur m\u00e8re et br\u00fbl\u00e9 leur maison. Ces petites malheureuses fuient l\u2019horreur des champs de bataille sans la protection des soldats fran\u00e7ais, et s\u2019en vont vers un pays inconnu, implorent le secours l\u2019assistance publique. Ma ch\u00e8re petite Valentine quand tu penseras \u00e0 ces petites abandonn\u00e9es qui pleurent leurs parents tu auras piti\u00e9, toi qui est si bonne et tu diras je ne suis pas la plus malheureuse, apprends d\u00e8s maintenant \u00e0 ha\u00efr ces barbares d\u2019allemands qui ont essay\u00e9 d\u2019envahir notre belle et paisible France mais n\u2019y ont pas r\u00e9ussi malgr\u00e9 leur force brutale car tous les fran\u00e7ais dans un \u00e9lan patriotique se sont livr\u00e9s et ont oppos\u00e9 une r\u00e9sistance h\u00e9ro\u00efque \u00e0 l\u2019envahissement et seront bient\u00f4t hors de France, mais la victoire demandera de grands sacrifices. Nombreuses sont d\u00e9j\u00e0 les petites filles qui pleurent leur p\u00e8re, nombreux sont les braves tomb\u00e9s au champ d\u2019honneur mais la vie de la patrie en d\u00e9pend et chacun doit faire tout son devoir. Ton devoir \u00e0 toi ma petite Valentine, c\u2019est d\u2019\u00eatre courageuse pour ne pas augmenter le chagrin de ta m\u00e8re. Au revoir ma petite Valentine et embrasse bien fort ta m\u00e8re pour moi. Tonton Jean. Date : 7 F\u00e9vrier 1915&nbsp;\u2013&nbsp;Exp\u00e9diteur : Lieutenant Bonnet&nbsp;\u2013&nbsp;Destinataire : Mme Marie Bonnet : Ch\u00e8res s\u0153ur et ni\u00e8ce, Depuis longtemps il m\u2019a \u00e9t\u00e9 impossible de vous donner de mes nouvelles. Aujourd\u2019hui j\u2019ai l\u2019occasion de vous faire parvenir un petit mot pour vous dire que tout va bien, j\u2019ai derni\u00e8rement re\u00e7u une lettre d\u2019Eug\u00e8ne. Je vous embrasse affectueusement toutes les deux. Date : 15 Octobre 1915&nbsp;\u2013&nbsp;Exp\u00e9diteur : Jean&nbsp;Bonnet \u2013&nbsp;Destinataire : Valentine Bonnet : Ma ch\u00e8re Valentine, J\u2019ai re\u00e7u ta gentille carte, c\u2019est tr\u00e8s bien d\u2019avoir pens\u00e9 \u00e0 tonton Jean qui est l\u00e0-bas bien loin dans la for\u00eat pour venger ton p\u00e8re et d\u00e9truire ces vilains boches qui empoisonnent l\u2019existence du monde entier ; mais les poux aidant nous aurons bient\u00f4t fini d\u2019an\u00e9antir cette sale race qui tue les m\u00e8res et qui mange les enfants. Apr\u00e8s le monde pourra vivre en paix car avec eux disparaitront les terribles guerres qui font pleurer l\u2019humanit\u00e9 enti\u00e8re. Du courage ma petite Valentine ton papa reviendra et tes oncles aussi, nous irons encore dans les bois cueillir les fleurs avec Voltaire comme autrefois. Mais avant il faut faire son devoir, il faut que la France sorte de ses jours douloureux plus grande et plus belle. Il faut d\u00e9barrasser de son sol ces pillards incendiaires, il faut venger ceux qui sont morts. Au revoir ma petite Valentine, \u00e9crit moi souvent.&nbsp;Ton oncle qui t\u2019embrasse bien fort. Jean&nbsp;&nbsp;&nbsp;&nbsp;&nbsp; Date : 10 Juin 1916 &#8211; Exp\u00e9diteur : Jean Bonnet&nbsp;\u2013&nbsp;Destinataire : Valentine Bonnet : Ma ch\u00e8re petite Valentine, Tu dois penser que je t\u2019ai tout \u00e0 fait oubli\u00e9. Non ma fille, loin de la maison j\u2019ai \u00e9t\u00e9 malade ce qui est la cause de tant de retard, tu me le pardonneras. D\u2019abord, je tiens \u00e0 te f\u00e9liciter d\u2019avoir fait ta deuxi\u00e8me communion, c\u2019est tr\u00e8s bien \u00e7a. Tu me disais aussi que tu travaillais pour ton certificat. Certes tu ne redoubleras pas, tu es trop intelligente pour \u00e7a. Comme ton p\u00e8re sera heureux de voir tous les progr\u00e8s que tu as fait, car maintenant, je crois que sa d\u00e9livrance n\u2019est pas loin. Ma ch\u00e8re petite, tu vas peut \u00eatre trouver que je ne suis pas g\u00e9n\u00e9reux de ne rien t\u2019envoyer pour tout ton beau travail mais tu le comprendras que pendant ces temps de guerre on d\u00e9sire surtout la vie. Tu vas bient\u00f4t avoir la soci\u00e9t\u00e9 \u00e0 Camille et sa maman, ils vont retourner \u00e0 Mauron, je crois le mois prochain. Quand tu nous \u00e9criras, tu seras bien gentille de nous donner des nouvelles du pays comme tu le dis \u00e0 ton papa. Tout \u00e7a nous int\u00e9resse car nous connaissons presque tout le monde. Je vais te donner l\u2019adresse de ton oncle Jean, il y a un bon moment qu\u2019il ne nous a pas \u00e9crit. Lieutenant Bonnet\u20141er R\u00e9giment Artillerie Coloniale\u20142e groupe\u2014Secteur 13 Date : 22 Juin 1916 &#8211; Exp\u00e9diteur : Lieutenant Bonnet&nbsp;\u2013&nbsp;Destinataire : Valentine Bonnet&nbsp;: Ma ch\u00e8re Valentine, Depuis longtemps tu n\u2019as pas re\u00e7u de mes nouvelles mais n\u2019en crois pas que je pense moins \u00e0 toi. J\u2019ai pass\u00e9 les temps derniers une p\u00e9riode p\u00e9nible, je n\u2019avais pas le temps d\u2019\u00e9crire souvent. Ces jours ci je suis en permission de 4 jours \u00e0 Paris, je repars samedi soir. J\u2019aurai bien voulu aller en Bretagne mais c\u2019est bien loin ! J\u2019aurais pass\u00e9 toute ma permission en voyage. Je prom\u00e8ne ton petit cousin Marcel qui maintenant est un grand gar\u00e7on. Et toi ma ch\u00e8re Valentine, tu es aussi une grande fille maintenant, je voudrais bien te voir mais h\u00e9las samedi il faut que je retourne \u00e0 mon poste de combat . Les boches sont encore en France et ton p\u00e8re est encore en Allemagne. Nous avons re\u00e7u de ses nouvelles tout r\u00e9cemment et se porte bien malgr\u00e9 tout. Il a h\u00e2te de revoir sa petite fille, qu\u2019il prenne courage nous le lib\u00e9rerons bient\u00f4t. Tu donneras le bonjour de ma part \u00e0 ta marraine et \u00e0 ta tante ainsi qu\u2019\u00e0 Mr et Mme Louis et \u00e0 madame Saillard. Sois bien aimable et reconnaissante envers eux, qui \u00e0 pr\u00e9sent, te tiennent de parents. Sois studieuse et travaille bien en attendant la fin de la guerre quand ton p\u00e8re et nous serons revenus. Tu pourras te reposer et te promener. Au revoir ma ch\u00e8re Valentine, je t\u2019embrasse bien des fois. Tonton Jean. Extraits du parcours militaire du 1er R\u00e9giment d&rsquo;Artillerie Coloniale Historique du 1er R\u00e9giment d&rsquo;Artillerie Colonial Source gallica.bnf.fr \/ Biblioth\u00e8que nationale de France<\/p>\n","protected":false},"author":1,"featured_media":0,"comment_status":"closed","ping_status":"closed","sticky":false,"template":"","format":"standard","meta":{"iawp_total_views":2,"footnotes":""},"categories":[45],"tags":[62],"class_list":["post-1929","post","type-post","status-publish","format-standard","hentry","category--portraits","tag-saint-brieuc-de-mauron"],"acf":[],"_links":{"self":[{"href":"https:\/\/lettresdepoilus-pays-de-ploermel.fr\/index.php\/wp-json\/wp\/v2\/posts\/1929","targetHints":{"allow":["GET"]}}],"collection":[{"href":"https:\/\/lettresdepoilus-pays-de-ploermel.fr\/index.php\/wp-json\/wp\/v2\/posts"}],"about":[{"href":"https:\/\/lettresdepoilus-pays-de-ploermel.fr\/index.php\/wp-json\/wp\/v2\/types\/post"}],"author":[{"embeddable":true,"href":"https:\/\/lettresdepoilus-pays-de-ploermel.fr\/index.php\/wp-json\/wp\/v2\/users\/1"}],"replies":[{"embeddable":true,"href":"https:\/\/lettresdepoilus-pays-de-ploermel.fr\/index.php\/wp-json\/wp\/v2\/comments?post=1929"}],"version-history":[{"count":17,"href":"https:\/\/lettresdepoilus-pays-de-ploermel.fr\/index.php\/wp-json\/wp\/v2\/posts\/1929\/revisions"}],"predecessor-version":[{"id":14776,"href":"https:\/\/lettresdepoilus-pays-de-ploermel.fr\/index.php\/wp-json\/wp\/v2\/posts\/1929\/revisions\/14776"}],"wp:attachment":[{"href":"https:\/\/lettresdepoilus-pays-de-ploermel.fr\/index.php\/wp-json\/wp\/v2\/media?parent=1929"}],"wp:term":[{"taxonomy":"category","embeddable":true,"href":"https:\/\/lettresdepoilus-pays-de-ploermel.fr\/index.php\/wp-json\/wp\/v2\/categories?post=1929"},{"taxonomy":"post_tag","embeddable":true,"href":"https:\/\/lettresdepoilus-pays-de-ploermel.fr\/index.php\/wp-json\/wp\/v2\/tags?post=1929"}],"curies":[{"name":"wp","href":"https:\/\/api.w.org\/{rel}","templated":true}]}}