{"id":15244,"date":"2025-06-15T18:43:16","date_gmt":"2025-06-15T16:43:16","guid":{"rendered":"https:\/\/lettresdepoilus-pays-de-ploermel.fr\/?p=15244"},"modified":"2026-02-05T13:43:38","modified_gmt":"2026-02-05T12:43:38","slug":"leon-collin","status":"publish","type":"post","link":"https:\/\/lettresdepoilus-pays-de-ploermel.fr\/index.php\/2025\/06\/15\/leon-collin\/","title":{"rendered":"L\u00e9on COLLIN a \u00e9crit&#8230;"},"content":{"rendered":"\n<p>L\u00e9on COLLIN est n\u00e9 le 2 f\u00e9vrier 1883 \u00e0 la Maison neuve de Ridorel Co\u00ebtlogon et est d\u00e9c\u00e9d\u00e9 le 27 septembre 1937 \u00e0 Tressan la Trinit\u00e9-Porho\u00ebt. Il \u00e9tait incorpor\u00e9 au 71\u00e8me R\u00e9giment de Chasseurs \u00e0 pied.<\/p>\n\n\n<div class=\"wp-block-image\">\n<figure class=\"aligncenter size-full is-resized\"><img fetchpriority=\"high\" decoding=\"async\" width=\"515\" height=\"843\" src=\"https:\/\/lettresdepoilus-pays-de-ploermel.fr\/wp-content\/uploads\/2025\/06\/leon-collin-pere-19140001.jpg\" alt=\"\" class=\"wp-image-15188\" style=\"width:831px;height:auto\" srcset=\"https:\/\/lettresdepoilus-pays-de-ploermel.fr\/wp-content\/uploads\/2025\/06\/leon-collin-pere-19140001.jpg 515w, https:\/\/lettresdepoilus-pays-de-ploermel.fr\/wp-content\/uploads\/2025\/06\/leon-collin-pere-19140001-183x300.jpg 183w\" sizes=\"(max-width: 515px) 100vw, 515px\" \/><figcaption class=\"wp-element-caption\">Portrait de L\u00e9on COLLIN en uniforme de Chasseur (On distingue le cor, insigne du bataillon)<\/figcaption><\/figure>\n<\/div>\n\n\n<p>Reginald Howard d\u2019ERESBY SNOW est anglais et photographe place Saint-Michel \u00e0 Saint-Brieuc (C\u00f4tes d\u2019Armor) Il est d\u00e9c\u00e9d\u00e9 \u00e0 Saint-Brieuc le 4 mars 1919.<\/p>\n\n\n\n<div style=\"height:31px\" aria-hidden=\"true\" class=\"wp-block-spacer\"><\/div>\n\n\n\n<div class=\"wp-block-columns is-layout-flex wp-container-core-columns-is-layout-9d6595d7 wp-block-columns-is-layout-flex\">\n<div class=\"wp-block-column is-layout-flow wp-block-column-is-layout-flow\">\n<figure class=\"wp-block-image size-large\"><img decoding=\"async\" width=\"656\" height=\"1024\" src=\"https:\/\/lettresdepoilus-pays-de-ploermel.fr\/wp-content\/uploads\/2025\/06\/lettre-de-leon-collin-pere-du-front-1915-0001-656x1024.jpg\" alt=\"\" class=\"wp-image-15191\" srcset=\"https:\/\/lettresdepoilus-pays-de-ploermel.fr\/wp-content\/uploads\/2025\/06\/lettre-de-leon-collin-pere-du-front-1915-0001-656x1024.jpg 656w, https:\/\/lettresdepoilus-pays-de-ploermel.fr\/wp-content\/uploads\/2025\/06\/lettre-de-leon-collin-pere-du-front-1915-0001-192x300.jpg 192w, https:\/\/lettresdepoilus-pays-de-ploermel.fr\/wp-content\/uploads\/2025\/06\/lettre-de-leon-collin-pere-du-front-1915-0001.jpg 686w\" sizes=\"(max-width: 656px) 100vw, 656px\" \/><\/figure>\n<\/div>\n\n\n\n<div class=\"wp-block-column is-layout-flow wp-block-column-is-layout-flow\">\n<figure class=\"wp-block-image size-large\"><img decoding=\"async\" width=\"1024\" height=\"656\" src=\"https:\/\/lettresdepoilus-pays-de-ploermel.fr\/wp-content\/uploads\/2025\/06\/lettre-de-leon-collin-pere-du-front-1915-0002-1024x656.jpg\" alt=\"\" class=\"wp-image-15190\" srcset=\"https:\/\/lettresdepoilus-pays-de-ploermel.fr\/wp-content\/uploads\/2025\/06\/lettre-de-leon-collin-pere-du-front-1915-0002-1024x656.jpg 1024w, https:\/\/lettresdepoilus-pays-de-ploermel.fr\/wp-content\/uploads\/2025\/06\/lettre-de-leon-collin-pere-du-front-1915-0002-300x192.jpg 300w, https:\/\/lettresdepoilus-pays-de-ploermel.fr\/wp-content\/uploads\/2025\/06\/lettre-de-leon-collin-pere-du-front-1915-0002-768x492.jpg 768w, https:\/\/lettresdepoilus-pays-de-ploermel.fr\/wp-content\/uploads\/2025\/06\/lettre-de-leon-collin-pere-du-front-1915-0002.jpg 1071w\" sizes=\"(max-width: 1024px) 100vw, 1024px\" \/><\/figure>\n\n\n\n<p><\/p>\n\n\n\n<p><em>Le 19 juillet 1916, Somme. Ma ch\u00e8re femme, je t&rsquo;\u00e9cris quelques mots pour te donner de mes nouvelles qui sont encore bonnes pour le moment et je d\u00e9sire de tout mon c\u0153ur que ma carte te trouve aussi en bonne sant\u00e9, qu&rsquo;elle ne te quitte, toi, ch\u00e8re femme, je te dirais que j&rsquo;ai re\u00e7u le certificat que tu m&rsquo;a envoy\u00e9 mais je ne sais pas quand je pourrai aller vous voir, si je peux avoir, je m&rsquo;en irai mais il faut pas y penser parce que je suis pas s\u00fbr pourtant je serai content de vous revoir mais je ne sais pas si le bon Dieu m&rsquo;accordera ce bonheur. <\/em><\/p>\n<\/div>\n<\/div>\n\n\n\n<div style=\"height:30px\" aria-hidden=\"true\" class=\"wp-block-spacer\"><\/div>\n\n\n<div class=\"wp-block-image\">\n<figure class=\"aligncenter size-full\"><img loading=\"lazy\" decoding=\"async\" width=\"594\" height=\"835\" src=\"https:\/\/lettresdepoilus-pays-de-ploermel.fr\/wp-content\/uploads\/2025\/06\/image-31.png\" alt=\"\" class=\"wp-image-17373\" srcset=\"https:\/\/lettresdepoilus-pays-de-ploermel.fr\/wp-content\/uploads\/2025\/06\/image-31.png 594w, https:\/\/lettresdepoilus-pays-de-ploermel.fr\/wp-content\/uploads\/2025\/06\/image-31-213x300.png 213w\" sizes=\"(max-width: 594px) 100vw, 594px\" \/><figcaption class=\"wp-element-caption\"><strong>Acte de naissance de L\u00e9on COLLIN<\/strong><\/figcaption><\/figure>\n<\/div>\n\n\n<p><\/p>\n","protected":false},"excerpt":{"rendered":"<p>L\u00e9on COLLIN est n\u00e9 le 2 f\u00e9vrier 1883 \u00e0 la Maison neuve de Ridorel Co\u00ebtlogon et est d\u00e9c\u00e9d\u00e9 le 27 septembre 1937 \u00e0 Tressan la Trinit\u00e9-Porho\u00ebt. Il \u00e9tait incorpor\u00e9 au 71\u00e8me R\u00e9giment de Chasseurs \u00e0 pied. Reginald Howard d\u2019ERESBY SNOW est anglais et photographe place Saint-Michel \u00e0 Saint-Brieuc (C\u00f4tes d\u2019Armor) Il est d\u00e9c\u00e9d\u00e9 \u00e0 Saint-Brieuc le 4 mars 1919. Le 19 juillet 1916, Somme. Ma ch\u00e8re femme, je t&rsquo;\u00e9cris quelques mots pour te donner de mes nouvelles qui sont encore bonnes pour le moment et je d\u00e9sire de tout mon c\u0153ur que ma carte te trouve aussi en bonne sant\u00e9, qu&rsquo;elle ne te quitte, toi, ch\u00e8re femme, je te dirais que j&rsquo;ai re\u00e7u le certificat que tu m&rsquo;a envoy\u00e9 mais je ne sais pas quand je pourrai aller vous voir, si je peux avoir, je m&rsquo;en irai mais il faut pas y penser parce que je suis pas s\u00fbr pourtant je serai content de vous revoir mais je ne sais pas si le bon Dieu m&rsquo;accordera ce bonheur.<\/p>\n","protected":false},"author":1,"featured_media":0,"comment_status":"closed","ping_status":"closed","sticky":false,"template":"","format":"standard","meta":{"iawp_total_views":0,"footnotes":""},"categories":[9,45],"tags":[78],"class_list":["post-15244","post","type-post","status-publish","format-standard","hentry","category-correspondances-de-1916","category--portraits","tag-trinite-porhoet"],"acf":[],"_links":{"self":[{"href":"https:\/\/lettresdepoilus-pays-de-ploermel.fr\/index.php\/wp-json\/wp\/v2\/posts\/15244","targetHints":{"allow":["GET"]}}],"collection":[{"href":"https:\/\/lettresdepoilus-pays-de-ploermel.fr\/index.php\/wp-json\/wp\/v2\/posts"}],"about":[{"href":"https:\/\/lettresdepoilus-pays-de-ploermel.fr\/index.php\/wp-json\/wp\/v2\/types\/post"}],"author":[{"embeddable":true,"href":"https:\/\/lettresdepoilus-pays-de-ploermel.fr\/index.php\/wp-json\/wp\/v2\/users\/1"}],"replies":[{"embeddable":true,"href":"https:\/\/lettresdepoilus-pays-de-ploermel.fr\/index.php\/wp-json\/wp\/v2\/comments?post=15244"}],"version-history":[{"count":7,"href":"https:\/\/lettresdepoilus-pays-de-ploermel.fr\/index.php\/wp-json\/wp\/v2\/posts\/15244\/revisions"}],"predecessor-version":[{"id":17374,"href":"https:\/\/lettresdepoilus-pays-de-ploermel.fr\/index.php\/wp-json\/wp\/v2\/posts\/15244\/revisions\/17374"}],"wp:attachment":[{"href":"https:\/\/lettresdepoilus-pays-de-ploermel.fr\/index.php\/wp-json\/wp\/v2\/media?parent=15244"}],"wp:term":[{"taxonomy":"category","embeddable":true,"href":"https:\/\/lettresdepoilus-pays-de-ploermel.fr\/index.php\/wp-json\/wp\/v2\/categories?post=15244"},{"taxonomy":"post_tag","embeddable":true,"href":"https:\/\/lettresdepoilus-pays-de-ploermel.fr\/index.php\/wp-json\/wp\/v2\/tags?post=15244"}],"curies":[{"name":"wp","href":"https:\/\/api.w.org\/{rel}","templated":true}]}}