{"id":12566,"date":"2025-02-03T18:47:37","date_gmt":"2025-02-03T17:47:37","guid":{"rendered":"https:\/\/lettresdepoilus-pays-de-ploermel.fr\/?p=12566"},"modified":"2025-02-06T12:36:41","modified_gmt":"2025-02-06T11:36:41","slug":"jean-lagnel","status":"publish","type":"post","link":"https:\/\/lettresdepoilus-pays-de-ploermel.fr\/index.php\/2025\/02\/03\/jean-lagnel\/","title":{"rendered":"Jean LAGNEL"},"content":{"rendered":"\n<p>Jean marie Alexandre LAGNEL est n\u00e9 le 8 juillet 1895 \u00e0 Loyat (Morbihan) et est d\u00e9c\u00e9d\u00e9 le 14 avril 1918 au Bois des Cauri\u00e8res (Meuse) sur la commune d&rsquo;Ornes.<\/p>\n\n\n<div class=\"wp-block-image\">\n<figure class=\"aligncenter size-full\"><img fetchpriority=\"high\" decoding=\"async\" width=\"560\" height=\"362\" src=\"https:\/\/lettresdepoilus-pays-de-ploermel.fr\/wp-content\/uploads\/2025\/02\/image-6.png\" alt=\"\" class=\"wp-image-12987\" srcset=\"https:\/\/lettresdepoilus-pays-de-ploermel.fr\/wp-content\/uploads\/2025\/02\/image-6.png 560w, https:\/\/lettresdepoilus-pays-de-ploermel.fr\/wp-content\/uploads\/2025\/02\/image-6-300x194.png 300w\" sizes=\"(max-width: 560px) 100vw, 560px\" \/><figcaption class=\"wp-element-caption\">Plaque comm\u00e9morative des fr\u00e8res LAGNEL.<\/figcaption><\/figure>\n<\/div>\n\n\n<p><br> <\/p>\n\n\n\n<p class=\"has-text-align-center\">Il \u00e9tait incorpor\u00e9 au 25\u00e8me R\u00e9giment d&rsquo;Infanterie.<\/p>\n\n\n<div class=\"wp-block-image\">\n<figure class=\"aligncenter size-full\"><a href=\"Il \u00e9tait incorpor\u00e9 au 25\u00e8me R\u00e9giment d'Infanterie.  Historique du 25\u00e8me R.I.\"><img decoding=\"async\" width=\"652\" height=\"225\" src=\"https:\/\/lettresdepoilus-pays-de-ploermel.fr\/wp-content\/uploads\/2024\/12\/image-5.png\" alt=\"\" class=\"wp-image-9941\" srcset=\"https:\/\/lettresdepoilus-pays-de-ploermel.fr\/wp-content\/uploads\/2024\/12\/image-5.png 652w, https:\/\/lettresdepoilus-pays-de-ploermel.fr\/wp-content\/uploads\/2024\/12\/image-5-300x104.png 300w\" sizes=\"(max-width: 652px) 100vw, 652px\" \/><\/a><figcaption class=\"wp-element-caption\">Historique du 25\u00e8me R.I.<\/figcaption><\/figure>\n<\/div>","protected":false},"excerpt":{"rendered":"<p>Jean marie Alexandre LAGNEL est n\u00e9 le 8 juillet 1895 \u00e0 Loyat (Morbihan) et est d\u00e9c\u00e9d\u00e9 le 14 avril 1918 au Bois des Cauri\u00e8res (Meuse) sur la commune d&rsquo;Ornes. Il \u00e9tait incorpor\u00e9 au 25\u00e8me R\u00e9giment d&rsquo;Infanterie.<\/p>\n","protected":false},"author":1,"featured_media":0,"comment_status":"closed","ping_status":"closed","sticky":false,"template":"","format":"standard","meta":{"iawp_total_views":0,"footnotes":""},"categories":[45],"tags":[77],"class_list":["post-12566","post","type-post","status-publish","format-standard","hentry","category--portraits","tag-loyat"],"acf":[],"_links":{"self":[{"href":"https:\/\/lettresdepoilus-pays-de-ploermel.fr\/index.php\/wp-json\/wp\/v2\/posts\/12566","targetHints":{"allow":["GET"]}}],"collection":[{"href":"https:\/\/lettresdepoilus-pays-de-ploermel.fr\/index.php\/wp-json\/wp\/v2\/posts"}],"about":[{"href":"https:\/\/lettresdepoilus-pays-de-ploermel.fr\/index.php\/wp-json\/wp\/v2\/types\/post"}],"author":[{"embeddable":true,"href":"https:\/\/lettresdepoilus-pays-de-ploermel.fr\/index.php\/wp-json\/wp\/v2\/users\/1"}],"replies":[{"embeddable":true,"href":"https:\/\/lettresdepoilus-pays-de-ploermel.fr\/index.php\/wp-json\/wp\/v2\/comments?post=12566"}],"version-history":[{"count":3,"href":"https:\/\/lettresdepoilus-pays-de-ploermel.fr\/index.php\/wp-json\/wp\/v2\/posts\/12566\/revisions"}],"predecessor-version":[{"id":12989,"href":"https:\/\/lettresdepoilus-pays-de-ploermel.fr\/index.php\/wp-json\/wp\/v2\/posts\/12566\/revisions\/12989"}],"wp:attachment":[{"href":"https:\/\/lettresdepoilus-pays-de-ploermel.fr\/index.php\/wp-json\/wp\/v2\/media?parent=12566"}],"wp:term":[{"taxonomy":"category","embeddable":true,"href":"https:\/\/lettresdepoilus-pays-de-ploermel.fr\/index.php\/wp-json\/wp\/v2\/categories?post=12566"},{"taxonomy":"post_tag","embeddable":true,"href":"https:\/\/lettresdepoilus-pays-de-ploermel.fr\/index.php\/wp-json\/wp\/v2\/tags?post=12566"}],"curies":[{"name":"wp","href":"https:\/\/api.w.org\/{rel}","templated":true}]}}