{"id":12494,"date":"2025-02-03T21:46:24","date_gmt":"2025-02-03T20:46:24","guid":{"rendered":"https:\/\/lettresdepoilus-pays-de-ploermel.fr\/?p=12494"},"modified":"2025-02-03T21:46:24","modified_gmt":"2025-02-03T20:46:24","slug":"julien-druais","status":"publish","type":"post","link":"https:\/\/lettresdepoilus-pays-de-ploermel.fr\/index.php\/2025\/02\/03\/julien-druais\/","title":{"rendered":"Julien DRUAIS"},"content":{"rendered":"\n<p>Julien Marie\u00a0DRUAIS est n\u00e9 le 7 mars 1872 \u00e0 Loyat (Morbihan) et est d\u00e9c\u00e9d\u00e9 le 18 septembre 1918 \u00e0 Laval (Mayenne) <\/p>\n\n\n\n<p class=\"has-text-align-center\">Il \u00e9tait incorpor\u00e9 au 124\u00e8me R\u00e9giment d&rsquo;Infanterie Territoriale.<\/p>\n\n\n<div class=\"wp-block-image\">\n<figure class=\"aligncenter size-full\"><img fetchpriority=\"high\" decoding=\"async\" width=\"512\" height=\"371\" src=\"https:\/\/lettresdepoilus-pays-de-ploermel.fr\/wp-content\/uploads\/2024\/08\/image-14.png\" alt=\"\" class=\"wp-image-5838\" srcset=\"https:\/\/lettresdepoilus-pays-de-ploermel.fr\/wp-content\/uploads\/2024\/08\/image-14.png 512w, https:\/\/lettresdepoilus-pays-de-ploermel.fr\/wp-content\/uploads\/2024\/08\/image-14-300x217.png 300w\" sizes=\"(max-width: 512px) 100vw, 512px\" \/><\/figure>\n<\/div>\n\n\n<p><\/p>\n\n\n\n<div data-wp-interactive=\"core\/file\" class=\"wp-block-file\"><object data-wp-bind--hidden=\"!state.hasPdfPreview\" hidden class=\"wp-block-file__embed\" data=\"https:\/\/lettresdepoilus-pays-de-ploermel.fr\/wp-content\/uploads\/2024\/08\/Le_124e_territorial_pendant_la_._bpt6k6235407b.pdf\" type=\"application\/pdf\" style=\"width:100%;height:600px\" aria-label=\"Contenu embarqu\u00e9 Le_124e_territorial_pendant_la_[...]_bpt6k6235407b.\"><\/object><a id=\"wp-block-file--media-1f9c4798-f8be-4e3c-9d34-38aad192a01e\" href=\"https:\/\/lettresdepoilus-pays-de-ploermel.fr\/wp-content\/uploads\/2024\/08\/Le_124e_territorial_pendant_la_._bpt6k6235407b.pdf\">Le_124e_territorial_pendant_la_[&#8230;]_bpt6k6235407b<\/a><a href=\"https:\/\/lettresdepoilus-pays-de-ploermel.fr\/wp-content\/uploads\/2024\/08\/Le_124e_territorial_pendant_la_._bpt6k6235407b.pdf\" class=\"wp-block-file__button wp-element-button\" download aria-describedby=\"wp-block-file--media-1f9c4798-f8be-4e3c-9d34-38aad192a01e\">T\u00e9l\u00e9charger<\/a><\/div>\n","protected":false},"excerpt":{"rendered":"<p>Julien Marie\u00a0DRUAIS est n\u00e9 le 7 mars 1872 \u00e0 Loyat (Morbihan) et est d\u00e9c\u00e9d\u00e9 le 18 septembre 1918 \u00e0 Laval (Mayenne) Il \u00e9tait incorpor\u00e9 au 124\u00e8me R\u00e9giment d&rsquo;Infanterie Territoriale.<\/p>\n","protected":false},"author":1,"featured_media":0,"comment_status":"closed","ping_status":"closed","sticky":false,"template":"","format":"standard","meta":{"iawp_total_views":1,"footnotes":""},"categories":[45],"tags":[77],"class_list":["post-12494","post","type-post","status-publish","format-standard","hentry","category--portraits","tag-loyat"],"acf":[],"_links":{"self":[{"href":"https:\/\/lettresdepoilus-pays-de-ploermel.fr\/index.php\/wp-json\/wp\/v2\/posts\/12494","targetHints":{"allow":["GET"]}}],"collection":[{"href":"https:\/\/lettresdepoilus-pays-de-ploermel.fr\/index.php\/wp-json\/wp\/v2\/posts"}],"about":[{"href":"https:\/\/lettresdepoilus-pays-de-ploermel.fr\/index.php\/wp-json\/wp\/v2\/types\/post"}],"author":[{"embeddable":true,"href":"https:\/\/lettresdepoilus-pays-de-ploermel.fr\/index.php\/wp-json\/wp\/v2\/users\/1"}],"replies":[{"embeddable":true,"href":"https:\/\/lettresdepoilus-pays-de-ploermel.fr\/index.php\/wp-json\/wp\/v2\/comments?post=12494"}],"version-history":[{"count":2,"href":"https:\/\/lettresdepoilus-pays-de-ploermel.fr\/index.php\/wp-json\/wp\/v2\/posts\/12494\/revisions"}],"predecessor-version":[{"id":12878,"href":"https:\/\/lettresdepoilus-pays-de-ploermel.fr\/index.php\/wp-json\/wp\/v2\/posts\/12494\/revisions\/12878"}],"wp:attachment":[{"href":"https:\/\/lettresdepoilus-pays-de-ploermel.fr\/index.php\/wp-json\/wp\/v2\/media?parent=12494"}],"wp:term":[{"taxonomy":"category","embeddable":true,"href":"https:\/\/lettresdepoilus-pays-de-ploermel.fr\/index.php\/wp-json\/wp\/v2\/categories?post=12494"},{"taxonomy":"post_tag","embeddable":true,"href":"https:\/\/lettresdepoilus-pays-de-ploermel.fr\/index.php\/wp-json\/wp\/v2\/tags?post=12494"}],"curies":[{"name":"wp","href":"https:\/\/api.w.org\/{rel}","templated":true}]}}