{"id":12066,"date":"2025-01-27T14:55:04","date_gmt":"2025-01-27T13:55:04","guid":{"rendered":"https:\/\/lettresdepoilus-pays-de-ploermel.fr\/?p=12066"},"modified":"2025-01-27T14:55:04","modified_gmt":"2025-01-27T13:55:04","slug":"alexis-olivier-2","status":"publish","type":"post","link":"https:\/\/lettresdepoilus-pays-de-ploermel.fr\/index.php\/2025\/01\/27\/alexis-olivier-2\/","title":{"rendered":"Alexis OLIVIER"},"content":{"rendered":"\n<p>Alexis Lucien Pierre Marie OLIVIER est n\u00e9 le 9 janvier 1893 \u00e0 Gu\u00e9gon (Morbihan) et est d\u00e9c\u00e9d\u00e9 le 8 novembre 1918 \u00e0 Mont Saint-R\u00e9my (Ardennes)<\/p>\n\n\n\n<p class=\"has-text-align-center\">Il \u00e9tait incorpor\u00e9 au 2\u00e8me R\u00e9giment de Chasseurs \u00e0 pied (Grade : Mar\u00e9chal des logis)<\/p>\n\n\n\n<div data-wp-interactive=\"core\/file\" class=\"wp-block-file\"><object data-wp-bind--hidden=\"!state.hasPdfPreview\" hidden class=\"wp-block-file__embed\" data=\"https:\/\/lettresdepoilus-pays-de-ploermel.fr\/wp-content\/uploads\/2025\/01\/Historique_du_2e_bataillon_de_.Chaton_Emile_bpt6k64399190.pdf\" type=\"application\/pdf\" style=\"width:100%;height:600px\" aria-label=\"Contenu embarqu\u00e9 Historique_du_2e_bataillon_de_[...]Chaton_\u00c9mile_bpt6k64399190.\"><\/object><a id=\"wp-block-file--media-f4934561-a5e3-4a7f-87d0-d43d6e18c9ce\" href=\"https:\/\/lettresdepoilus-pays-de-ploermel.fr\/wp-content\/uploads\/2025\/01\/Historique_du_2e_bataillon_de_.Chaton_Emile_bpt6k64399190.pdf\">Historique_du_2e_bataillon_de_[&#8230;]Chaton_\u00c9mile_bpt6k64399190<\/a><a href=\"https:\/\/lettresdepoilus-pays-de-ploermel.fr\/wp-content\/uploads\/2025\/01\/Historique_du_2e_bataillon_de_.Chaton_Emile_bpt6k64399190.pdf\" class=\"wp-block-file__button wp-element-button\" download aria-describedby=\"wp-block-file--media-f4934561-a5e3-4a7f-87d0-d43d6e18c9ce\">T\u00e9l\u00e9charger<\/a><\/div>\n","protected":false},"excerpt":{"rendered":"<p>Alexis Lucien Pierre Marie OLIVIER est n\u00e9 le 9 janvier 1893 \u00e0 Gu\u00e9gon (Morbihan) et est d\u00e9c\u00e9d\u00e9 le 8 novembre 1918 \u00e0 Mont Saint-R\u00e9my (Ardennes) Il \u00e9tait incorpor\u00e9 au 2\u00e8me R\u00e9giment de Chasseurs \u00e0 pied (Grade : Mar\u00e9chal des logis)<\/p>\n","protected":false},"author":1,"featured_media":0,"comment_status":"closed","ping_status":"closed","sticky":false,"template":"","format":"standard","meta":{"iawp_total_views":0,"footnotes":""},"categories":[45],"tags":[80],"class_list":["post-12066","post","type-post","status-publish","format-standard","hentry","category--portraits","tag-guegon"],"acf":[],"_links":{"self":[{"href":"https:\/\/lettresdepoilus-pays-de-ploermel.fr\/index.php\/wp-json\/wp\/v2\/posts\/12066","targetHints":{"allow":["GET"]}}],"collection":[{"href":"https:\/\/lettresdepoilus-pays-de-ploermel.fr\/index.php\/wp-json\/wp\/v2\/posts"}],"about":[{"href":"https:\/\/lettresdepoilus-pays-de-ploermel.fr\/index.php\/wp-json\/wp\/v2\/types\/post"}],"author":[{"embeddable":true,"href":"https:\/\/lettresdepoilus-pays-de-ploermel.fr\/index.php\/wp-json\/wp\/v2\/users\/1"}],"replies":[{"embeddable":true,"href":"https:\/\/lettresdepoilus-pays-de-ploermel.fr\/index.php\/wp-json\/wp\/v2\/comments?post=12066"}],"version-history":[{"count":2,"href":"https:\/\/lettresdepoilus-pays-de-ploermel.fr\/index.php\/wp-json\/wp\/v2\/posts\/12066\/revisions"}],"predecessor-version":[{"id":12381,"href":"https:\/\/lettresdepoilus-pays-de-ploermel.fr\/index.php\/wp-json\/wp\/v2\/posts\/12066\/revisions\/12381"}],"wp:attachment":[{"href":"https:\/\/lettresdepoilus-pays-de-ploermel.fr\/index.php\/wp-json\/wp\/v2\/media?parent=12066"}],"wp:term":[{"taxonomy":"category","embeddable":true,"href":"https:\/\/lettresdepoilus-pays-de-ploermel.fr\/index.php\/wp-json\/wp\/v2\/categories?post=12066"},{"taxonomy":"post_tag","embeddable":true,"href":"https:\/\/lettresdepoilus-pays-de-ploermel.fr\/index.php\/wp-json\/wp\/v2\/tags?post=12066"}],"curies":[{"name":"wp","href":"https:\/\/api.w.org\/{rel}","templated":true}]}}