{"id":11998,"date":"2025-01-24T11:30:56","date_gmt":"2025-01-24T10:30:56","guid":{"rendered":"https:\/\/lettresdepoilus-pays-de-ploermel.fr\/?p=11998"},"modified":"2025-01-24T11:30:56","modified_gmt":"2025-01-24T10:30:56","slug":"eugene-le-breton","status":"publish","type":"post","link":"https:\/\/lettresdepoilus-pays-de-ploermel.fr\/index.php\/2025\/01\/24\/eugene-le-breton\/","title":{"rendered":"Eug\u00e8ne LE BRETON"},"content":{"rendered":"\n<p>Eug\u00e8ne Julien Marie LE BRETON est n\u00e9 le 28 f\u00e9vrier 1891 \u00e0 Gu\u00e9gon (Morbihan) et est d\u00e9c\u00e9d\u00e9 le 21 octobre 1918 \u00e0 Chestres (Ardennes) &#8211; Commune maintenant rattach\u00e9e \u00e0 Vouziers<\/p>\n\n\n\n<p class=\"has-text-align-center\">Il \u00e9tait incorpor\u00e9 au 65\u00e8me R\u00e9giment d&rsquo;Infanterie.<\/p>\n\n\n\n<div style=\"height:19px\" aria-hidden=\"true\" class=\"wp-block-spacer\"><\/div>\n\n\n\n<div class=\"wp-block-columns is-layout-flex wp-container-core-columns-is-layout-9d6595d7 wp-block-columns-is-layout-flex\">\n<div class=\"wp-block-column is-layout-flow wp-block-column-is-layout-flow\"><div class=\"wp-block-image\">\n<figure class=\"aligncenter size-full is-resized\"><img fetchpriority=\"high\" decoding=\"async\" width=\"870\" height=\"510\" src=\"https:\/\/lettresdepoilus-pays-de-ploermel.fr\/wp-content\/uploads\/2024\/08\/Oulches-La-Vallee-Foulon.jpg\" alt=\"\" class=\"wp-image-6158\" style=\"width:898px;height:auto\" srcset=\"https:\/\/lettresdepoilus-pays-de-ploermel.fr\/wp-content\/uploads\/2024\/08\/Oulches-La-Vallee-Foulon.jpg 870w, https:\/\/lettresdepoilus-pays-de-ploermel.fr\/wp-content\/uploads\/2024\/08\/Oulches-La-Vallee-Foulon-300x176.jpg 300w, https:\/\/lettresdepoilus-pays-de-ploermel.fr\/wp-content\/uploads\/2024\/08\/Oulches-La-Vallee-Foulon-768x450.jpg 768w\" sizes=\"(max-width: 870px) 100vw, 870px\" \/><figcaption class=\"wp-element-caption\">     Poste de secours aux Chemin des Dames en 1917 &#8211; 65\u00e8me R\u00e9giment d&rsquo;Infanterie <br>                  206 soldats de ce R\u00e9giment seront tu\u00e9s lors de cette bataille.<\/figcaption><\/figure>\n<\/div>\n\n\n<p><\/p>\n<\/div>\n<\/div>\n\n\n\n<div style=\"height:22px\" aria-hidden=\"true\" class=\"wp-block-spacer\"><\/div>\n\n\n\n<div class=\"wp-block-columns is-layout-flex wp-container-core-columns-is-layout-9d6595d7 wp-block-columns-is-layout-flex\">\n<div class=\"wp-block-column is-layout-flow wp-block-column-is-layout-flow\"><div class=\"wp-block-image\">\n<figure class=\"aligncenter size-full is-resized\"><img decoding=\"async\" width=\"450\" height=\"270\" src=\"https:\/\/lettresdepoilus-pays-de-ploermel.fr\/wp-content\/uploads\/2024\/07\/image-55.png\" alt=\"\" class=\"wp-image-4480\" style=\"width:565px;height:auto\" srcset=\"https:\/\/lettresdepoilus-pays-de-ploermel.fr\/wp-content\/uploads\/2024\/07\/image-55.png 450w, https:\/\/lettresdepoilus-pays-de-ploermel.fr\/wp-content\/uploads\/2024\/07\/image-55-300x180.png 300w\" sizes=\"(max-width: 450px) 100vw, 450px\" \/><\/figure>\n<\/div><\/div>\n<\/div>\n\n\n\n<div style=\"height:20px\" aria-hidden=\"true\" class=\"wp-block-spacer\"><\/div>\n\n\n<div class=\"wp-block-image\">\n<figure class=\"aligncenter size-large is-resized\"><a href=\"https:\/\/argonnaute.parisnanterre.fr\/ark:\/14707\/ks0t6p95f7jl\/c87571be-99c7-4f34-96ea-b30593206816\" target=\"_blank\" rel=\"noreferrer noopener\"><img decoding=\"async\" width=\"668\" height=\"1024\" src=\"https:\/\/lettresdepoilus-pays-de-ploermel.fr\/wp-content\/uploads\/2024\/07\/image-54-668x1024.png\" alt=\"\" class=\"wp-image-4478\" style=\"width:216px;height:auto\" srcset=\"https:\/\/lettresdepoilus-pays-de-ploermel.fr\/wp-content\/uploads\/2024\/07\/image-54-668x1024.png 668w, https:\/\/lettresdepoilus-pays-de-ploermel.fr\/wp-content\/uploads\/2024\/07\/image-54-196x300.png 196w, https:\/\/lettresdepoilus-pays-de-ploermel.fr\/wp-content\/uploads\/2024\/07\/image-54.png 730w\" sizes=\"(max-width: 668px) 100vw, 668px\" \/><\/a><figcaption class=\"wp-element-caption\"><em>Biblioth\u00e8que num\u00e9rique la   Contemporaine<\/em><\/figcaption><\/figure>\n<\/div>\n\n\n<figure class=\"wp-block-image size-full\"><a href=\"https:\/\/memorial19141918.wordpress.com\/2023\/06\/18\/65eme-ri\/\" target=\"_blank\" rel=\"noreferrer noopener\"><img loading=\"lazy\" decoding=\"async\" width=\"940\" height=\"198\" src=\"https:\/\/lettresdepoilus-pays-de-ploermel.fr\/wp-content\/uploads\/2024\/07\/337eme-RI.jpg\" alt=\"\" class=\"wp-image-4113\" srcset=\"https:\/\/lettresdepoilus-pays-de-ploermel.fr\/wp-content\/uploads\/2024\/07\/337eme-RI.jpg 940w, https:\/\/lettresdepoilus-pays-de-ploermel.fr\/wp-content\/uploads\/2024\/07\/337eme-RI-300x63.jpg 300w, https:\/\/lettresdepoilus-pays-de-ploermel.fr\/wp-content\/uploads\/2024\/07\/337eme-RI-768x162.jpg 768w\" sizes=\"(max-width: 940px) 100vw, 940px\" \/><\/a><\/figure>\n","protected":false},"excerpt":{"rendered":"<p>Eug\u00e8ne Julien Marie LE BRETON est n\u00e9 le 28 f\u00e9vrier 1891 \u00e0 Gu\u00e9gon (Morbihan) et est d\u00e9c\u00e9d\u00e9 le 21 octobre 1918 \u00e0 Chestres (Ardennes) &#8211; Commune maintenant rattach\u00e9e \u00e0 Vouziers Il \u00e9tait incorpor\u00e9 au 65\u00e8me R\u00e9giment d&rsquo;Infanterie.<\/p>\n","protected":false},"author":1,"featured_media":0,"comment_status":"closed","ping_status":"closed","sticky":false,"template":"","format":"standard","meta":{"iawp_total_views":0,"footnotes":""},"categories":[45],"tags":[80],"class_list":["post-11998","post","type-post","status-publish","format-standard","hentry","category--portraits","tag-guegon"],"acf":[],"_links":{"self":[{"href":"https:\/\/lettresdepoilus-pays-de-ploermel.fr\/index.php\/wp-json\/wp\/v2\/posts\/11998","targetHints":{"allow":["GET"]}}],"collection":[{"href":"https:\/\/lettresdepoilus-pays-de-ploermel.fr\/index.php\/wp-json\/wp\/v2\/posts"}],"about":[{"href":"https:\/\/lettresdepoilus-pays-de-ploermel.fr\/index.php\/wp-json\/wp\/v2\/types\/post"}],"author":[{"embeddable":true,"href":"https:\/\/lettresdepoilus-pays-de-ploermel.fr\/index.php\/wp-json\/wp\/v2\/users\/1"}],"replies":[{"embeddable":true,"href":"https:\/\/lettresdepoilus-pays-de-ploermel.fr\/index.php\/wp-json\/wp\/v2\/comments?post=11998"}],"version-history":[{"count":2,"href":"https:\/\/lettresdepoilus-pays-de-ploermel.fr\/index.php\/wp-json\/wp\/v2\/posts\/11998\/revisions"}],"predecessor-version":[{"id":12290,"href":"https:\/\/lettresdepoilus-pays-de-ploermel.fr\/index.php\/wp-json\/wp\/v2\/posts\/11998\/revisions\/12290"}],"wp:attachment":[{"href":"https:\/\/lettresdepoilus-pays-de-ploermel.fr\/index.php\/wp-json\/wp\/v2\/media?parent=11998"}],"wp:term":[{"taxonomy":"category","embeddable":true,"href":"https:\/\/lettresdepoilus-pays-de-ploermel.fr\/index.php\/wp-json\/wp\/v2\/categories?post=11998"},{"taxonomy":"post_tag","embeddable":true,"href":"https:\/\/lettresdepoilus-pays-de-ploermel.fr\/index.php\/wp-json\/wp\/v2\/tags?post=11998"}],"curies":[{"name":"wp","href":"https:\/\/api.w.org\/{rel}","templated":true}]}}