{"id":11855,"date":"2025-01-21T18:15:33","date_gmt":"2025-01-21T17:15:33","guid":{"rendered":"https:\/\/lettresdepoilus-pays-de-ploermel.fr\/?p=11855"},"modified":"2025-01-21T18:15:33","modified_gmt":"2025-01-21T17:15:33","slug":"louis-coudrait","status":"publish","type":"post","link":"https:\/\/lettresdepoilus-pays-de-ploermel.fr\/index.php\/2025\/01\/21\/louis-coudrait\/","title":{"rendered":"Louis COUDRAIT"},"content":{"rendered":"\n<p>Louis D\u00e9sir\u00e9 Mathurin\u00a0COUDRAIT est n\u00e9 le 24 mars 1895 \u00e0 Lantillac (Morbihan) et est d\u00e9c\u00e9d\u00e9 le 6 octobre 1915 \u00e0 Souain (Marne)<\/p>\n\n\n\n<p>Il avait 20 ans&#8230;<\/p>\n\n\n\n<p class=\"has-text-align-center\">Il \u00e9tait incorpor\u00e9 au 4\u00e8me R\u00e9giment de Zouaves.<\/p>\n\n\n\n<div data-wp-interactive=\"core\/file\" class=\"wp-block-file\"><object data-wp-bind--hidden=\"!state.hasPdfPreview\" hidden class=\"wp-block-file__embed\" data=\"https:\/\/lettresdepoilus-pays-de-ploermel.fr\/wp-content\/uploads\/2024\/12\/Historique_du_4me_regiment_de_._bpt6k62548640.pdf\" type=\"application\/pdf\" style=\"width:100%;height:200px\" aria-label=\"Contenu embarqu\u00e9 Historique_du_4me_r\u00e9giment_de_[...]_bpt6k62548640.\"><\/object><a id=\"wp-block-file--media-d28db759-3358-40fe-85c5-fe54bd7fbfc2\" href=\"https:\/\/lettresdepoilus-pays-de-ploermel.fr\/wp-content\/uploads\/2024\/12\/Historique_du_4me_regiment_de_._bpt6k62548640.pdf\">Historique_du_4me_r\u00e9giment_de_[&#8230;]_bpt6k62548640<\/a><a href=\"https:\/\/lettresdepoilus-pays-de-ploermel.fr\/wp-content\/uploads\/2024\/12\/Historique_du_4me_regiment_de_._bpt6k62548640.pdf\" class=\"wp-block-file__button wp-element-button\" download aria-describedby=\"wp-block-file--media-d28db759-3358-40fe-85c5-fe54bd7fbfc2\">T\u00e9l\u00e9charger<\/a><\/div>\n","protected":false},"excerpt":{"rendered":"<p>Louis D\u00e9sir\u00e9 Mathurin\u00a0COUDRAIT est n\u00e9 le 24 mars 1895 \u00e0 Lantillac (Morbihan) et est d\u00e9c\u00e9d\u00e9 le 6 octobre 1915 \u00e0 Souain (Marne) Il avait 20 ans&#8230; Il \u00e9tait incorpor\u00e9 au 4\u00e8me R\u00e9giment de Zouaves.<\/p>\n","protected":false},"author":1,"featured_media":0,"comment_status":"closed","ping_status":"closed","sticky":false,"template":"","format":"standard","meta":{"iawp_total_views":0,"footnotes":""},"categories":[45],"tags":[80],"class_list":["post-11855","post","type-post","status-publish","format-standard","hentry","category--portraits","tag-guegon"],"acf":[],"_links":{"self":[{"href":"https:\/\/lettresdepoilus-pays-de-ploermel.fr\/index.php\/wp-json\/wp\/v2\/posts\/11855","targetHints":{"allow":["GET"]}}],"collection":[{"href":"https:\/\/lettresdepoilus-pays-de-ploermel.fr\/index.php\/wp-json\/wp\/v2\/posts"}],"about":[{"href":"https:\/\/lettresdepoilus-pays-de-ploermel.fr\/index.php\/wp-json\/wp\/v2\/types\/post"}],"author":[{"embeddable":true,"href":"https:\/\/lettresdepoilus-pays-de-ploermel.fr\/index.php\/wp-json\/wp\/v2\/users\/1"}],"replies":[{"embeddable":true,"href":"https:\/\/lettresdepoilus-pays-de-ploermel.fr\/index.php\/wp-json\/wp\/v2\/comments?post=11855"}],"version-history":[{"count":2,"href":"https:\/\/lettresdepoilus-pays-de-ploermel.fr\/index.php\/wp-json\/wp\/v2\/posts\/11855\/revisions"}],"predecessor-version":[{"id":12235,"href":"https:\/\/lettresdepoilus-pays-de-ploermel.fr\/index.php\/wp-json\/wp\/v2\/posts\/11855\/revisions\/12235"}],"wp:attachment":[{"href":"https:\/\/lettresdepoilus-pays-de-ploermel.fr\/index.php\/wp-json\/wp\/v2\/media?parent=11855"}],"wp:term":[{"taxonomy":"category","embeddable":true,"href":"https:\/\/lettresdepoilus-pays-de-ploermel.fr\/index.php\/wp-json\/wp\/v2\/categories?post=11855"},{"taxonomy":"post_tag","embeddable":true,"href":"https:\/\/lettresdepoilus-pays-de-ploermel.fr\/index.php\/wp-json\/wp\/v2\/tags?post=11855"}],"curies":[{"name":"wp","href":"https:\/\/api.w.org\/{rel}","templated":true}]}}