{"id":11831,"date":"2025-01-24T19:14:01","date_gmt":"2025-01-24T18:14:01","guid":{"rendered":"https:\/\/lettresdepoilus-pays-de-ploermel.fr\/?p=11831"},"modified":"2025-01-24T19:14:01","modified_gmt":"2025-01-24T18:14:01","slug":"alexis-boussicaud","status":"publish","type":"post","link":"https:\/\/lettresdepoilus-pays-de-ploermel.fr\/index.php\/2025\/01\/24\/alexis-boussicaud\/","title":{"rendered":"Alexis BOUSSICAUD"},"content":{"rendered":"\n<p>Alexis C\u00e9lestin Marie BOUSSICAUD est n\u00e9 le 4 mars 1895 \u00e0 Gu\u00e9gon (Morbihan) et est d\u00e9c\u00e9d\u00e9 le 22 avril 1916 \u00e0 B\u00e9thincourt Mort Homme (Meuse)<\/p>\n\n\n\n<p class=\"has-text-align-center\">Il \u00e9tait incorpor\u00e9 au 161\u00e8me R\u00e9giment d&rsquo;Infanterie, beaucoup de Morbihannais ont \u00e9t\u00e9 incorpor\u00e9s dans ce R\u00e9giment.<\/p>\n\n\n<div class=\"wp-block-image\">\n<figure class=\"aligncenter size-full is-resized\"><a href=\"https:\/\/argonnaute.parisnanterre.fr\/ark:\/14707\/hfwg3km5r8lz\/7bffaedb-ebb8-4cd5-a24d-b3443137d705\" target=\"_blank\" rel=\"noreferrer noopener\"><img fetchpriority=\"high\" decoding=\"async\" width=\"334\" height=\"527\" src=\"https:\/\/lettresdepoilus-pays-de-ploermel.fr\/wp-content\/uploads\/2024\/04\/image-21.png\" alt=\"\" class=\"wp-image-2561\" style=\"width:214px;height:auto\" srcset=\"https:\/\/lettresdepoilus-pays-de-ploermel.fr\/wp-content\/uploads\/2024\/04\/image-21.png 334w, https:\/\/lettresdepoilus-pays-de-ploermel.fr\/wp-content\/uploads\/2024\/04\/image-21-190x300.png 190w\" sizes=\"(max-width: 334px) 100vw, 334px\" \/><\/a><\/figure>\n<\/div>\n\n\n<div style=\"height:20px\" aria-hidden=\"true\" class=\"wp-block-spacer\"><\/div>\n\n\n\n<p class=\"has-text-align-center\">Cliquez sur le livre pour d\u00e9couvrir l&rsquo;histoire du 161\u00e8me R\u00e9giment d&rsquo;Infanterie<\/p>\n\n\n\n<div style=\"height:20px\" aria-hidden=\"true\" class=\"wp-block-spacer\"><\/div>\n\n\n\n<div class=\"wp-block-columns is-layout-flex wp-container-core-columns-is-layout-9d6595d7 wp-block-columns-is-layout-flex\">\n<div class=\"wp-block-column is-layout-flow wp-block-column-is-layout-flow\"><div class=\"wp-block-image\">\n<figure class=\"aligncenter size-full\"><img decoding=\"async\" width=\"595\" height=\"450\" src=\"https:\/\/lettresdepoilus-pays-de-ploermel.fr\/wp-content\/uploads\/2024\/04\/G_161RI1.jpg\" alt=\"\" class=\"wp-image-2562\" srcset=\"https:\/\/lettresdepoilus-pays-de-ploermel.fr\/wp-content\/uploads\/2024\/04\/G_161RI1.jpg 595w, https:\/\/lettresdepoilus-pays-de-ploermel.fr\/wp-content\/uploads\/2024\/04\/G_161RI1-300x227.jpg 300w\" sizes=\"(max-width: 595px) 100vw, 595px\" \/><figcaption class=\"wp-element-caption\">Drapeau du 161\u00e8me R\u00e9giment d&rsquo;Infanterie<\/figcaption><\/figure>\n<\/div><\/div>\n\n\n\n<div class=\"wp-block-column is-layout-flow wp-block-column-is-layout-flow\"><div class=\"wp-block-image\">\n<figure class=\"aligncenter size-full is-resized\"><img decoding=\"async\" width=\"450\" height=\"281\" src=\"https:\/\/lettresdepoilus-pays-de-ploermel.fr\/wp-content\/uploads\/2024\/04\/161RI.webp\" alt=\"\" class=\"wp-image-2563\" style=\"width:412px;height:auto\" srcset=\"https:\/\/lettresdepoilus-pays-de-ploermel.fr\/wp-content\/uploads\/2024\/04\/161RI.webp 450w, https:\/\/lettresdepoilus-pays-de-ploermel.fr\/wp-content\/uploads\/2024\/04\/161RI-300x187.webp 300w\" sizes=\"(max-width: 450px) 100vw, 450px\" \/><figcaption class=\"wp-element-caption\">Photo de groupe des Sous-Officiers du 161\u00e8me R.I<\/figcaption><\/figure>\n<\/div><\/div>\n<\/div>\n","protected":false},"excerpt":{"rendered":"<p>Alexis C\u00e9lestin Marie BOUSSICAUD est n\u00e9 le 4 mars 1895 \u00e0 Gu\u00e9gon (Morbihan) et est d\u00e9c\u00e9d\u00e9 le 22 avril 1916 \u00e0 B\u00e9thincourt Mort Homme (Meuse) Il \u00e9tait incorpor\u00e9 au 161\u00e8me R\u00e9giment d&rsquo;Infanterie, beaucoup de Morbihannais ont \u00e9t\u00e9 incorpor\u00e9s dans ce R\u00e9giment. Cliquez sur le livre pour d\u00e9couvrir l&rsquo;histoire du 161\u00e8me R\u00e9giment d&rsquo;Infanterie<\/p>\n","protected":false},"author":1,"featured_media":0,"comment_status":"closed","ping_status":"closed","sticky":false,"template":"","format":"standard","meta":{"iawp_total_views":0,"footnotes":""},"categories":[45],"tags":[80],"class_list":["post-11831","post","type-post","status-publish","format-standard","hentry","category--portraits","tag-guegon"],"acf":[],"_links":{"self":[{"href":"https:\/\/lettresdepoilus-pays-de-ploermel.fr\/index.php\/wp-json\/wp\/v2\/posts\/11831","targetHints":{"allow":["GET"]}}],"collection":[{"href":"https:\/\/lettresdepoilus-pays-de-ploermel.fr\/index.php\/wp-json\/wp\/v2\/posts"}],"about":[{"href":"https:\/\/lettresdepoilus-pays-de-ploermel.fr\/index.php\/wp-json\/wp\/v2\/types\/post"}],"author":[{"embeddable":true,"href":"https:\/\/lettresdepoilus-pays-de-ploermel.fr\/index.php\/wp-json\/wp\/v2\/users\/1"}],"replies":[{"embeddable":true,"href":"https:\/\/lettresdepoilus-pays-de-ploermel.fr\/index.php\/wp-json\/wp\/v2\/comments?post=11831"}],"version-history":[{"count":2,"href":"https:\/\/lettresdepoilus-pays-de-ploermel.fr\/index.php\/wp-json\/wp\/v2\/posts\/11831\/revisions"}],"predecessor-version":[{"id":12308,"href":"https:\/\/lettresdepoilus-pays-de-ploermel.fr\/index.php\/wp-json\/wp\/v2\/posts\/11831\/revisions\/12308"}],"wp:attachment":[{"href":"https:\/\/lettresdepoilus-pays-de-ploermel.fr\/index.php\/wp-json\/wp\/v2\/media?parent=11831"}],"wp:term":[{"taxonomy":"category","embeddable":true,"href":"https:\/\/lettresdepoilus-pays-de-ploermel.fr\/index.php\/wp-json\/wp\/v2\/categories?post=11831"},{"taxonomy":"post_tag","embeddable":true,"href":"https:\/\/lettresdepoilus-pays-de-ploermel.fr\/index.php\/wp-json\/wp\/v2\/tags?post=11831"}],"curies":[{"name":"wp","href":"https:\/\/api.w.org\/{rel}","templated":true}]}}