{"id":10939,"date":"2025-01-13T18:24:27","date_gmt":"2025-01-13T17:24:27","guid":{"rendered":"https:\/\/lettresdepoilus-pays-de-ploermel.fr\/?p=10939"},"modified":"2025-01-13T18:24:27","modified_gmt":"2025-01-13T17:24:27","slug":"yves-peschart","status":"publish","type":"post","link":"https:\/\/lettresdepoilus-pays-de-ploermel.fr\/index.php\/2025\/01\/13\/yves-peschart\/","title":{"rendered":"Yves PESCHART"},"content":{"rendered":"\n<p>Yves F\u00e9lix PESCHART est n\u00e9 le 6 mai 1889 \u00e0 Plo\u00ebrmel (Morbihan) et est d\u00e9c\u00e9d\u00e9 le 16 juillet 1918 \u00e0 Trosly (Oise)<\/p>\n\n\n\n<p class=\"has-text-align-center\">Il \u00e9tait incorpor\u00e9 au 2\u00e8me Bataillon de Chasseurs \u00e0 pied (Grade : Capitaine)<\/p>\n\n\n<div class=\"wp-block-image\">\n<figure class=\"aligncenter size-full\"><img fetchpriority=\"high\" decoding=\"async\" width=\"435\" height=\"596\" src=\"https:\/\/lettresdepoilus-pays-de-ploermel.fr\/wp-content\/uploads\/2025\/01\/image-3.png\" alt=\"\" class=\"wp-image-11723\" srcset=\"https:\/\/lettresdepoilus-pays-de-ploermel.fr\/wp-content\/uploads\/2025\/01\/image-3.png 435w, https:\/\/lettresdepoilus-pays-de-ploermel.fr\/wp-content\/uploads\/2025\/01\/image-3-219x300.png 219w\" sizes=\"(max-width: 435px) 100vw, 435px\" \/><\/figure>\n<\/div>\n\n\n<div style=\"height:13px\" aria-hidden=\"true\" class=\"wp-block-spacer\"><\/div>\n\n\n\n<div data-wp-interactive=\"core\/file\" class=\"wp-block-file\"><object data-wp-bind--hidden=\"!state.hasPdfPreview\" hidden class=\"wp-block-file__embed\" data=\"https:\/\/lettresdepoilus-pays-de-ploermel.fr\/wp-content\/uploads\/2025\/01\/Historique_du_2e_bataillon_de_.Chaton_Emile_bpt6k64399190.pdf\" type=\"application\/pdf\" style=\"width:100%;height:600px\" aria-label=\"Contenu embarqu\u00e9 Historique_du_2e_bataillon_de_[...]Chaton_\u00c9mile_bpt6k64399190.\"><\/object><a id=\"wp-block-file--media-5d8c4872-9fe2-464c-80c5-791e00924b3c\" href=\"https:\/\/lettresdepoilus-pays-de-ploermel.fr\/wp-content\/uploads\/2025\/01\/Historique_du_2e_bataillon_de_.Chaton_Emile_bpt6k64399190.pdf\">Historique_du_2e_bataillon_de_[&#8230;]Chaton_\u00c9mile_bpt6k64399190<\/a><a href=\"https:\/\/lettresdepoilus-pays-de-ploermel.fr\/wp-content\/uploads\/2025\/01\/Historique_du_2e_bataillon_de_.Chaton_Emile_bpt6k64399190.pdf\" class=\"wp-block-file__button wp-element-button\" download aria-describedby=\"wp-block-file--media-5d8c4872-9fe2-464c-80c5-791e00924b3c\">T\u00e9l\u00e9charger<\/a><\/div>\n","protected":false},"excerpt":{"rendered":"<p>Yves F\u00e9lix PESCHART est n\u00e9 le 6 mai 1889 \u00e0 Plo\u00ebrmel (Morbihan) et est d\u00e9c\u00e9d\u00e9 le 16 juillet 1918 \u00e0 Trosly (Oise) Il \u00e9tait incorpor\u00e9 au 2\u00e8me Bataillon de Chasseurs \u00e0 pied (Grade : Capitaine)<\/p>\n","protected":false},"author":1,"featured_media":0,"comment_status":"closed","ping_status":"closed","sticky":false,"template":"","format":"standard","meta":{"iawp_total_views":0,"footnotes":""},"categories":[45],"tags":[72],"class_list":["post-10939","post","type-post","status-publish","format-standard","hentry","category--portraits","tag-ploermel"],"acf":[],"_links":{"self":[{"href":"https:\/\/lettresdepoilus-pays-de-ploermel.fr\/index.php\/wp-json\/wp\/v2\/posts\/10939","targetHints":{"allow":["GET"]}}],"collection":[{"href":"https:\/\/lettresdepoilus-pays-de-ploermel.fr\/index.php\/wp-json\/wp\/v2\/posts"}],"about":[{"href":"https:\/\/lettresdepoilus-pays-de-ploermel.fr\/index.php\/wp-json\/wp\/v2\/types\/post"}],"author":[{"embeddable":true,"href":"https:\/\/lettresdepoilus-pays-de-ploermel.fr\/index.php\/wp-json\/wp\/v2\/users\/1"}],"replies":[{"embeddable":true,"href":"https:\/\/lettresdepoilus-pays-de-ploermel.fr\/index.php\/wp-json\/wp\/v2\/comments?post=10939"}],"version-history":[{"count":3,"href":"https:\/\/lettresdepoilus-pays-de-ploermel.fr\/index.php\/wp-json\/wp\/v2\/posts\/10939\/revisions"}],"predecessor-version":[{"id":11726,"href":"https:\/\/lettresdepoilus-pays-de-ploermel.fr\/index.php\/wp-json\/wp\/v2\/posts\/10939\/revisions\/11726"}],"wp:attachment":[{"href":"https:\/\/lettresdepoilus-pays-de-ploermel.fr\/index.php\/wp-json\/wp\/v2\/media?parent=10939"}],"wp:term":[{"taxonomy":"category","embeddable":true,"href":"https:\/\/lettresdepoilus-pays-de-ploermel.fr\/index.php\/wp-json\/wp\/v2\/categories?post=10939"},{"taxonomy":"post_tag","embeddable":true,"href":"https:\/\/lettresdepoilus-pays-de-ploermel.fr\/index.php\/wp-json\/wp\/v2\/tags?post=10939"}],"curies":[{"name":"wp","href":"https:\/\/api.w.org\/{rel}","templated":true}]}}