{"id":10905,"date":"2024-12-30T18:26:00","date_gmt":"2024-12-30T17:26:00","guid":{"rendered":"https:\/\/lettresdepoilus-pays-de-ploermel.fr\/?p=10905"},"modified":"2025-01-23T11:53:19","modified_gmt":"2025-01-23T10:53:19","slug":"louis-morancais","status":"publish","type":"post","link":"https:\/\/lettresdepoilus-pays-de-ploermel.fr\/index.php\/2024\/12\/30\/louis-morancais\/","title":{"rendered":"Louis MORANCAIS"},"content":{"rendered":"\n<p>Louis Marie MORANCAIS est n\u00e9 le 6 octobre 1885 \u00e0 Gu\u00e9m\u00e9n\u00e9 Penfao (Loire Inf\u00e9rieure) et est d\u00e9c\u00e9d\u00e9 le 28 ao\u00fbt 1914 \u00e0 Guillemais (Somme)<\/p>\n\n\n\n<p class=\"has-text-align-center\">Il \u00e9tait incorpor\u00e9 au 265\u00e8me R\u00e9giment d\u2019Infanterie.<\/p>\n\n\n\n<figure class=\"wp-block-image\"><img fetchpriority=\"high\" decoding=\"async\" width=\"700\" height=\"481\" src=\"https:\/\/lettresdepoilus-pays-de-ploermel.fr\/wp-content\/uploads\/2024\/09\/image-99.png\" alt=\"\" class=\"wp-image-7872\" srcset=\"https:\/\/lettresdepoilus-pays-de-ploermel.fr\/wp-content\/uploads\/2024\/09\/image-99.png 700w, https:\/\/lettresdepoilus-pays-de-ploermel.fr\/wp-content\/uploads\/2024\/09\/image-99-300x206.png 300w\" sizes=\"(max-width: 700px) 100vw, 700px\" \/><figcaption class=\"wp-element-caption\"><a href=\"https:\/\/memorial19141918.wordpress.com\/2024\/01\/13\/265-eme-ri\/\" rel=\"noreferrer noopener\" target=\"_blank\">Le 265\u00e8me R.I. \u00e0 Angers (Historique)<\/a><\/figcaption><\/figure>\n","protected":false},"excerpt":{"rendered":"<p>Louis Marie MORANCAIS est n\u00e9 le 6 octobre 1885 \u00e0 Gu\u00e9m\u00e9n\u00e9 Penfao (Loire Inf\u00e9rieure) et est d\u00e9c\u00e9d\u00e9 le 28 ao\u00fbt 1914 \u00e0 Guillemais (Somme) Il \u00e9tait incorpor\u00e9 au 265\u00e8me R\u00e9giment d\u2019Infanterie.<\/p>\n","protected":false},"author":1,"featured_media":0,"comment_status":"closed","ping_status":"closed","sticky":false,"template":"","format":"standard","meta":{"iawp_total_views":1,"footnotes":""},"categories":[45],"tags":[72],"class_list":["post-10905","post","type-post","status-publish","format-standard","hentry","category--portraits","tag-ploermel"],"acf":[],"_links":{"self":[{"href":"https:\/\/lettresdepoilus-pays-de-ploermel.fr\/index.php\/wp-json\/wp\/v2\/posts\/10905","targetHints":{"allow":["GET"]}}],"collection":[{"href":"https:\/\/lettresdepoilus-pays-de-ploermel.fr\/index.php\/wp-json\/wp\/v2\/posts"}],"about":[{"href":"https:\/\/lettresdepoilus-pays-de-ploermel.fr\/index.php\/wp-json\/wp\/v2\/types\/post"}],"author":[{"embeddable":true,"href":"https:\/\/lettresdepoilus-pays-de-ploermel.fr\/index.php\/wp-json\/wp\/v2\/users\/1"}],"replies":[{"embeddable":true,"href":"https:\/\/lettresdepoilus-pays-de-ploermel.fr\/index.php\/wp-json\/wp\/v2\/comments?post=10905"}],"version-history":[{"count":4,"href":"https:\/\/lettresdepoilus-pays-de-ploermel.fr\/index.php\/wp-json\/wp\/v2\/posts\/10905\/revisions"}],"predecessor-version":[{"id":12257,"href":"https:\/\/lettresdepoilus-pays-de-ploermel.fr\/index.php\/wp-json\/wp\/v2\/posts\/10905\/revisions\/12257"}],"wp:attachment":[{"href":"https:\/\/lettresdepoilus-pays-de-ploermel.fr\/index.php\/wp-json\/wp\/v2\/media?parent=10905"}],"wp:term":[{"taxonomy":"category","embeddable":true,"href":"https:\/\/lettresdepoilus-pays-de-ploermel.fr\/index.php\/wp-json\/wp\/v2\/categories?post=10905"},{"taxonomy":"post_tag","embeddable":true,"href":"https:\/\/lettresdepoilus-pays-de-ploermel.fr\/index.php\/wp-json\/wp\/v2\/tags?post=10905"}],"curies":[{"name":"wp","href":"https:\/\/api.w.org\/{rel}","templated":true}]}}