{"id":10721,"date":"2025-01-13T16:24:32","date_gmt":"2025-01-13T15:24:32","guid":{"rendered":"https:\/\/lettresdepoilus-pays-de-ploermel.fr\/?p=10721"},"modified":"2025-01-13T16:24:32","modified_gmt":"2025-01-13T15:24:32","slug":"joseph-eon","status":"publish","type":"post","link":"https:\/\/lettresdepoilus-pays-de-ploermel.fr\/index.php\/2025\/01\/13\/joseph-eon\/","title":{"rendered":"Joseph \u00c9ON"},"content":{"rendered":"\n<p>Joseph Marie \u00c9ON est n\u00e9 le 17 mars 1891 \u00e0 Plo\u00ebrmel (Morbihan) et est d\u00e9c\u00e9d\u00e9 le 22 ao\u00fbt 1914 \u00e0 Signeulx (Belgique) <\/p>\n\n\n\n<p class=\"has-text-align-center\">Il \u00e9tait incorpor\u00e9 au 113\u00e8me R\u00e9giment d&rsquo;Infanterie.<\/p>\n\n\n\n<figure class=\"wp-block-image size-full\"><a href=\"https:\/\/memorial19141918.wordpress.com\/category\/113-ri\/\" target=\"_blank\" rel=\"noreferrer noopener\"><img fetchpriority=\"high\" decoding=\"async\" width=\"940\" height=\"198\" src=\"https:\/\/lettresdepoilus-pays-de-ploermel.fr\/wp-content\/uploads\/2024\/07\/image-70.png\" alt=\"\" class=\"wp-image-4512\" srcset=\"https:\/\/lettresdepoilus-pays-de-ploermel.fr\/wp-content\/uploads\/2024\/07\/image-70.png 940w, https:\/\/lettresdepoilus-pays-de-ploermel.fr\/wp-content\/uploads\/2024\/07\/image-70-300x63.png 300w, https:\/\/lettresdepoilus-pays-de-ploermel.fr\/wp-content\/uploads\/2024\/07\/image-70-768x162.png 768w\" sizes=\"(max-width: 940px) 100vw, 940px\" \/><\/a><\/figure>\n\n\n\n<p class=\"has-text-align-center\">Historique du 113\u00e8me R.I.<\/p>\n\n\n\n<p><\/p>\n","protected":false},"excerpt":{"rendered":"<p>Joseph Marie \u00c9ON est n\u00e9 le 17 mars 1891 \u00e0 Plo\u00ebrmel (Morbihan) et est d\u00e9c\u00e9d\u00e9 le 22 ao\u00fbt 1914 \u00e0 Signeulx (Belgique) Il \u00e9tait incorpor\u00e9 au 113\u00e8me R\u00e9giment d&rsquo;Infanterie. Historique du 113\u00e8me R.I.<\/p>\n","protected":false},"author":1,"featured_media":0,"comment_status":"closed","ping_status":"closed","sticky":false,"template":"","format":"standard","meta":{"iawp_total_views":0,"footnotes":""},"categories":[45],"tags":[72],"class_list":["post-10721","post","type-post","status-publish","format-standard","hentry","category--portraits","tag-ploermel"],"acf":[],"_links":{"self":[{"href":"https:\/\/lettresdepoilus-pays-de-ploermel.fr\/index.php\/wp-json\/wp\/v2\/posts\/10721","targetHints":{"allow":["GET"]}}],"collection":[{"href":"https:\/\/lettresdepoilus-pays-de-ploermel.fr\/index.php\/wp-json\/wp\/v2\/posts"}],"about":[{"href":"https:\/\/lettresdepoilus-pays-de-ploermel.fr\/index.php\/wp-json\/wp\/v2\/types\/post"}],"author":[{"embeddable":true,"href":"https:\/\/lettresdepoilus-pays-de-ploermel.fr\/index.php\/wp-json\/wp\/v2\/users\/1"}],"replies":[{"embeddable":true,"href":"https:\/\/lettresdepoilus-pays-de-ploermel.fr\/index.php\/wp-json\/wp\/v2\/comments?post=10721"}],"version-history":[{"count":2,"href":"https:\/\/lettresdepoilus-pays-de-ploermel.fr\/index.php\/wp-json\/wp\/v2\/posts\/10721\/revisions"}],"predecessor-version":[{"id":11715,"href":"https:\/\/lettresdepoilus-pays-de-ploermel.fr\/index.php\/wp-json\/wp\/v2\/posts\/10721\/revisions\/11715"}],"wp:attachment":[{"href":"https:\/\/lettresdepoilus-pays-de-ploermel.fr\/index.php\/wp-json\/wp\/v2\/media?parent=10721"}],"wp:term":[{"taxonomy":"category","embeddable":true,"href":"https:\/\/lettresdepoilus-pays-de-ploermel.fr\/index.php\/wp-json\/wp\/v2\/categories?post=10721"},{"taxonomy":"post_tag","embeddable":true,"href":"https:\/\/lettresdepoilus-pays-de-ploermel.fr\/index.php\/wp-json\/wp\/v2\/tags?post=10721"}],"curies":[{"name":"wp","href":"https:\/\/api.w.org\/{rel}","templated":true}]}}