{"id":10691,"date":"2025-01-13T16:41:43","date_gmt":"2025-01-13T15:41:43","guid":{"rendered":"https:\/\/lettresdepoilus-pays-de-ploermel.fr\/?p=10691"},"modified":"2025-01-13T16:41:43","modified_gmt":"2025-01-13T15:41:43","slug":"pierre-davalo","status":"publish","type":"post","link":"https:\/\/lettresdepoilus-pays-de-ploermel.fr\/index.php\/2025\/01\/13\/pierre-davalo\/","title":{"rendered":"Pierre DAVALO"},"content":{"rendered":"\n<p>Pierre\u00a0DAVALO est n\u00e9 le 15 mai 1877 \u00e0 Plo\u00ebrmel (Morbihan) et est d\u00e9c\u00e9d\u00e9 le 17 mars 1916 \u00e0 l&rsquo;H\u00f4pital d&rsquo;Auray (Morbihan)<\/p>\n\n\n\n<p class=\"has-text-align-center\">Il \u00e9tait incorpor\u00e9 au 88\u00e8me R\u00e9giment d&rsquo;Infanterie Territoriale.<\/p>\n\n\n<div class=\"wp-block-image\">\n<figure class=\"aligncenter size-full\"><a href=\"https:\/\/memorial19141918.wordpress.com\/2021\/11\/08\/88eme-rit\/\" target=\"_blank\" rel=\"noopener\"><img fetchpriority=\"high\" decoding=\"async\" width=\"652\" height=\"225\" src=\"https:\/\/lettresdepoilus-pays-de-ploermel.fr\/wp-content\/uploads\/2024\/12\/image-5.png\" alt=\"\" class=\"wp-image-9941\" srcset=\"https:\/\/lettresdepoilus-pays-de-ploermel.fr\/wp-content\/uploads\/2024\/12\/image-5.png 652w, https:\/\/lettresdepoilus-pays-de-ploermel.fr\/wp-content\/uploads\/2024\/12\/image-5-300x104.png 300w\" sizes=\"(max-width: 652px) 100vw, 652px\" \/><\/a><figcaption class=\"wp-element-caption\">Historique du 88 R.I.T.<\/figcaption><\/figure>\n<\/div>","protected":false},"excerpt":{"rendered":"<p>Pierre\u00a0DAVALO est n\u00e9 le 15 mai 1877 \u00e0 Plo\u00ebrmel (Morbihan) et est d\u00e9c\u00e9d\u00e9 le 17 mars 1916 \u00e0 l&rsquo;H\u00f4pital d&rsquo;Auray (Morbihan) Il \u00e9tait incorpor\u00e9 au 88\u00e8me R\u00e9giment d&rsquo;Infanterie Territoriale.<\/p>\n","protected":false},"author":1,"featured_media":0,"comment_status":"closed","ping_status":"closed","sticky":false,"template":"","format":"standard","meta":{"iawp_total_views":0,"footnotes":""},"categories":[45],"tags":[72],"class_list":["post-10691","post","type-post","status-publish","format-standard","hentry","category--portraits","tag-ploermel"],"acf":[],"_links":{"self":[{"href":"https:\/\/lettresdepoilus-pays-de-ploermel.fr\/index.php\/wp-json\/wp\/v2\/posts\/10691","targetHints":{"allow":["GET"]}}],"collection":[{"href":"https:\/\/lettresdepoilus-pays-de-ploermel.fr\/index.php\/wp-json\/wp\/v2\/posts"}],"about":[{"href":"https:\/\/lettresdepoilus-pays-de-ploermel.fr\/index.php\/wp-json\/wp\/v2\/types\/post"}],"author":[{"embeddable":true,"href":"https:\/\/lettresdepoilus-pays-de-ploermel.fr\/index.php\/wp-json\/wp\/v2\/users\/1"}],"replies":[{"embeddable":true,"href":"https:\/\/lettresdepoilus-pays-de-ploermel.fr\/index.php\/wp-json\/wp\/v2\/comments?post=10691"}],"version-history":[{"count":2,"href":"https:\/\/lettresdepoilus-pays-de-ploermel.fr\/index.php\/wp-json\/wp\/v2\/posts\/10691\/revisions"}],"predecessor-version":[{"id":11717,"href":"https:\/\/lettresdepoilus-pays-de-ploermel.fr\/index.php\/wp-json\/wp\/v2\/posts\/10691\/revisions\/11717"}],"wp:attachment":[{"href":"https:\/\/lettresdepoilus-pays-de-ploermel.fr\/index.php\/wp-json\/wp\/v2\/media?parent=10691"}],"wp:term":[{"taxonomy":"category","embeddable":true,"href":"https:\/\/lettresdepoilus-pays-de-ploermel.fr\/index.php\/wp-json\/wp\/v2\/categories?post=10691"},{"taxonomy":"post_tag","embeddable":true,"href":"https:\/\/lettresdepoilus-pays-de-ploermel.fr\/index.php\/wp-json\/wp\/v2\/tags?post=10691"}],"curies":[{"name":"wp","href":"https:\/\/api.w.org\/{rel}","templated":true}]}}