{"id":10683,"date":"2024-12-30T12:08:40","date_gmt":"2024-12-30T11:08:40","guid":{"rendered":"https:\/\/lettresdepoilus-pays-de-ploermel.fr\/?p=10683"},"modified":"2025-11-20T20:57:56","modified_gmt":"2025-11-20T19:57:56","slug":"pierre-danion","status":"publish","type":"post","link":"https:\/\/lettresdepoilus-pays-de-ploermel.fr\/index.php\/2024\/12\/30\/pierre-danion\/","title":{"rendered":"Pierre DANION"},"content":{"rendered":"\n<p>Pierre Marie&nbsp;DANION est n\u00e9 le 2 janvier 1896 \u00e0 Plo\u00ebrmel (Morbihan) et est d\u00e9c\u00e9d\u00e9 le 10 ao\u00fbt 1916 \u00e0 Landrecourt (Meuse) Il avait 20 ans&#8230;<\/p>\n\n\n\n<p class=\"has-text-align-center\">Il \u00e9tait incorpor\u00e9 au 65\u00e8me R\u00e9giment d&rsquo;Infanterie.<\/p>\n\n\n\n<div style=\"height:19px\" aria-hidden=\"true\" class=\"wp-block-spacer\"><\/div>\n\n\n\n<div class=\"wp-block-columns is-layout-flex wp-container-core-columns-is-layout-9d6595d7 wp-block-columns-is-layout-flex\">\n<div class=\"wp-block-column is-layout-flow wp-block-column-is-layout-flow\"><div class=\"wp-block-image\">\n<figure class=\"aligncenter size-full is-resized\"><img fetchpriority=\"high\" decoding=\"async\" width=\"870\" height=\"510\" src=\"https:\/\/lettresdepoilus-pays-de-ploermel.fr\/wp-content\/uploads\/2024\/08\/Oulches-La-Vallee-Foulon.jpg\" alt=\"\" class=\"wp-image-6158\" style=\"width:898px;height:auto\" srcset=\"https:\/\/lettresdepoilus-pays-de-ploermel.fr\/wp-content\/uploads\/2024\/08\/Oulches-La-Vallee-Foulon.jpg 870w, https:\/\/lettresdepoilus-pays-de-ploermel.fr\/wp-content\/uploads\/2024\/08\/Oulches-La-Vallee-Foulon-300x176.jpg 300w, https:\/\/lettresdepoilus-pays-de-ploermel.fr\/wp-content\/uploads\/2024\/08\/Oulches-La-Vallee-Foulon-768x450.jpg 768w\" sizes=\"(max-width: 870px) 100vw, 870px\" \/><figcaption class=\"wp-element-caption\">     Poste de secours aux Chemin des Dames en 1917 &#8211; 65\u00e8me R\u00e9giment d&rsquo;Infanterie <br>                  206 soldats de ce R\u00e9giment seront tu\u00e9s lors de cette bataille.<\/figcaption><\/figure>\n<\/div>\n\n\n<p><\/p>\n<\/div>\n<\/div>\n\n\n\n<div style=\"height:22px\" aria-hidden=\"true\" class=\"wp-block-spacer\"><\/div>\n\n\n\n<div class=\"wp-block-columns is-layout-flex wp-container-core-columns-is-layout-9d6595d7 wp-block-columns-is-layout-flex\">\n<div class=\"wp-block-column is-layout-flow wp-block-column-is-layout-flow\"><div class=\"wp-block-image\">\n<figure class=\"aligncenter size-full is-resized\"><img decoding=\"async\" width=\"450\" height=\"270\" src=\"https:\/\/lettresdepoilus-pays-de-ploermel.fr\/wp-content\/uploads\/2024\/07\/image-55.png\" alt=\"\" class=\"wp-image-4480\" style=\"width:565px;height:auto\" srcset=\"https:\/\/lettresdepoilus-pays-de-ploermel.fr\/wp-content\/uploads\/2024\/07\/image-55.png 450w, https:\/\/lettresdepoilus-pays-de-ploermel.fr\/wp-content\/uploads\/2024\/07\/image-55-300x180.png 300w\" sizes=\"(max-width: 450px) 100vw, 450px\" \/><\/figure>\n<\/div><\/div>\n<\/div>\n\n\n\n<div style=\"height:20px\" aria-hidden=\"true\" class=\"wp-block-spacer\"><\/div>\n\n\n<div class=\"wp-block-image\">\n<figure class=\"aligncenter size-large is-resized\"><a href=\"https:\/\/argonnaute.parisnanterre.fr\/ark:\/14707\/ks0t6p95f7jl\/c87571be-99c7-4f34-96ea-b30593206816\" target=\"_blank\" rel=\"noreferrer noopener\"><img decoding=\"async\" width=\"668\" height=\"1024\" src=\"https:\/\/lettresdepoilus-pays-de-ploermel.fr\/wp-content\/uploads\/2024\/07\/image-54-668x1024.png\" alt=\"\" class=\"wp-image-4478\" style=\"width:216px;height:auto\" srcset=\"https:\/\/lettresdepoilus-pays-de-ploermel.fr\/wp-content\/uploads\/2024\/07\/image-54-668x1024.png 668w, https:\/\/lettresdepoilus-pays-de-ploermel.fr\/wp-content\/uploads\/2024\/07\/image-54-196x300.png 196w, https:\/\/lettresdepoilus-pays-de-ploermel.fr\/wp-content\/uploads\/2024\/07\/image-54.png 730w\" sizes=\"(max-width: 668px) 100vw, 668px\" \/><\/a><figcaption class=\"wp-element-caption\"><em>Biblioth\u00e8que num\u00e9rique la   Contemporaine<\/em><\/figcaption><\/figure>\n<\/div>\n\n\n<figure class=\"wp-block-image size-full\"><a href=\"https:\/\/memorial19141918.wordpress.com\/2023\/06\/18\/65eme-ri\/\" target=\"_blank\" rel=\"noreferrer noopener\"><img loading=\"lazy\" decoding=\"async\" width=\"940\" height=\"198\" src=\"https:\/\/lettresdepoilus-pays-de-ploermel.fr\/wp-content\/uploads\/2024\/07\/337eme-RI.jpg\" alt=\"\" class=\"wp-image-4113\" srcset=\"https:\/\/lettresdepoilus-pays-de-ploermel.fr\/wp-content\/uploads\/2024\/07\/337eme-RI.jpg 940w, https:\/\/lettresdepoilus-pays-de-ploermel.fr\/wp-content\/uploads\/2024\/07\/337eme-RI-300x63.jpg 300w, https:\/\/lettresdepoilus-pays-de-ploermel.fr\/wp-content\/uploads\/2024\/07\/337eme-RI-768x162.jpg 768w\" sizes=\"(max-width: 940px) 100vw, 940px\" \/><\/a><\/figure>\n\n\n\n<hr class=\"wp-block-separator has-alpha-channel-opacity\"\/>\n\n\n\n<figure class=\"wp-block-image size-large\"><img loading=\"lazy\" decoding=\"async\" width=\"768\" height=\"1024\" src=\"https:\/\/lettresdepoilus-pays-de-ploermel.fr\/wp-content\/uploads\/2024\/12\/1000001593-768x1024.jpg\" alt=\"\" class=\"wp-image-18477\" srcset=\"https:\/\/lettresdepoilus-pays-de-ploermel.fr\/wp-content\/uploads\/2024\/12\/1000001593-768x1024.jpg 768w, https:\/\/lettresdepoilus-pays-de-ploermel.fr\/wp-content\/uploads\/2024\/12\/1000001593-225x300.jpg 225w, https:\/\/lettresdepoilus-pays-de-ploermel.fr\/wp-content\/uploads\/2024\/12\/1000001593-1152x1536.jpg 1152w, https:\/\/lettresdepoilus-pays-de-ploermel.fr\/wp-content\/uploads\/2024\/12\/1000001593-1140x1520.jpg 1140w, https:\/\/lettresdepoilus-pays-de-ploermel.fr\/wp-content\/uploads\/2024\/12\/1000001593.jpg 1500w\" sizes=\"(max-width: 768px) 100vw, 768px\" \/><\/figure>\n","protected":false},"excerpt":{"rendered":"<p>Pierre Marie&nbsp;DANION est n\u00e9 le 2 janvier 1896 \u00e0 Plo\u00ebrmel (Morbihan) et est d\u00e9c\u00e9d\u00e9 le 10 ao\u00fbt 1916 \u00e0 Landrecourt (Meuse) Il avait 20 ans&#8230; Il \u00e9tait incorpor\u00e9 au 65\u00e8me R\u00e9giment d&rsquo;Infanterie.<\/p>\n","protected":false},"author":1,"featured_media":0,"comment_status":"closed","ping_status":"closed","sticky":false,"template":"","format":"standard","meta":{"iawp_total_views":1,"footnotes":""},"categories":[45],"tags":[72],"class_list":["post-10683","post","type-post","status-publish","format-standard","hentry","category--portraits","tag-ploermel"],"acf":[],"_links":{"self":[{"href":"https:\/\/lettresdepoilus-pays-de-ploermel.fr\/index.php\/wp-json\/wp\/v2\/posts\/10683","targetHints":{"allow":["GET"]}}],"collection":[{"href":"https:\/\/lettresdepoilus-pays-de-ploermel.fr\/index.php\/wp-json\/wp\/v2\/posts"}],"about":[{"href":"https:\/\/lettresdepoilus-pays-de-ploermel.fr\/index.php\/wp-json\/wp\/v2\/types\/post"}],"author":[{"embeddable":true,"href":"https:\/\/lettresdepoilus-pays-de-ploermel.fr\/index.php\/wp-json\/wp\/v2\/users\/1"}],"replies":[{"embeddable":true,"href":"https:\/\/lettresdepoilus-pays-de-ploermel.fr\/index.php\/wp-json\/wp\/v2\/comments?post=10683"}],"version-history":[{"count":5,"href":"https:\/\/lettresdepoilus-pays-de-ploermel.fr\/index.php\/wp-json\/wp\/v2\/posts\/10683\/revisions"}],"predecessor-version":[{"id":18507,"href":"https:\/\/lettresdepoilus-pays-de-ploermel.fr\/index.php\/wp-json\/wp\/v2\/posts\/10683\/revisions\/18507"}],"wp:attachment":[{"href":"https:\/\/lettresdepoilus-pays-de-ploermel.fr\/index.php\/wp-json\/wp\/v2\/media?parent=10683"}],"wp:term":[{"taxonomy":"category","embeddable":true,"href":"https:\/\/lettresdepoilus-pays-de-ploermel.fr\/index.php\/wp-json\/wp\/v2\/categories?post=10683"},{"taxonomy":"post_tag","embeddable":true,"href":"https:\/\/lettresdepoilus-pays-de-ploermel.fr\/index.php\/wp-json\/wp\/v2\/tags?post=10683"}],"curies":[{"name":"wp","href":"https:\/\/api.w.org\/{rel}","templated":true}]}}