{"id":10597,"date":"2025-01-13T16:49:09","date_gmt":"2025-01-13T15:49:09","guid":{"rendered":"https:\/\/lettresdepoilus-pays-de-ploermel.fr\/?p=10597"},"modified":"2025-01-13T16:49:09","modified_gmt":"2025-01-13T15:49:09","slug":"pierre-bonno","status":"publish","type":"post","link":"https:\/\/lettresdepoilus-pays-de-ploermel.fr\/index.php\/2025\/01\/13\/pierre-bonno\/","title":{"rendered":"Pierre BONNO"},"content":{"rendered":"\n<p>Pierre Marie\u00a0BONNO est n\u00e9 le 28 mai 1875 \u00e0 Plo\u00ebrmel (Morbihan) et est d\u00e9c\u00e9d\u00e9 le 1er octobre 1918 \u00e0 Marseille (Bouches du Rh\u00f4ne)  <\/p>\n\n\n\n<p class=\"has-text-align-center\">Il \u00e9tait incorpor\u00e9 au 18\u00e8me R\u00e9giment d&rsquo;Infanterie Territoriale.<\/p>\n\n\n<div class=\"wp-block-image\">\n<figure class=\"aligncenter size-full\"><a href=\"https:\/\/memorial19141918.wordpress.com\/category\/rit-001-a-099\/rit-010-a-019\/rit-018\/\" target=\"_blank\" rel=\" noreferrer noopener\"><img fetchpriority=\"high\" decoding=\"async\" width=\"652\" height=\"225\" src=\"https:\/\/lettresdepoilus-pays-de-ploermel.fr\/wp-content\/uploads\/2024\/12\/image-5.png\" alt=\"\" class=\"wp-image-9941\" srcset=\"https:\/\/lettresdepoilus-pays-de-ploermel.fr\/wp-content\/uploads\/2024\/12\/image-5.png 652w, https:\/\/lettresdepoilus-pays-de-ploermel.fr\/wp-content\/uploads\/2024\/12\/image-5-300x104.png 300w\" sizes=\"(max-width: 652px) 100vw, 652px\" \/><\/a><figcaption class=\"wp-element-caption\">Historique du 18\u00e8me R\u00e9giment d&rsquo;Infanterie<\/figcaption><\/figure>\n<\/div>\n\n\n<p><\/p>\n","protected":false},"excerpt":{"rendered":"<p>Pierre Marie\u00a0BONNO est n\u00e9 le 28 mai 1875 \u00e0 Plo\u00ebrmel (Morbihan) et est d\u00e9c\u00e9d\u00e9 le 1er octobre 1918 \u00e0 Marseille (Bouches du Rh\u00f4ne) Il \u00e9tait incorpor\u00e9 au 18\u00e8me R\u00e9giment d&rsquo;Infanterie Territoriale.<\/p>\n","protected":false},"author":1,"featured_media":0,"comment_status":"closed","ping_status":"closed","sticky":false,"template":"","format":"standard","meta":{"iawp_total_views":1,"footnotes":""},"categories":[45],"tags":[72],"class_list":["post-10597","post","type-post","status-publish","format-standard","hentry","category--portraits","tag-ploermel"],"acf":[],"_links":{"self":[{"href":"https:\/\/lettresdepoilus-pays-de-ploermel.fr\/index.php\/wp-json\/wp\/v2\/posts\/10597","targetHints":{"allow":["GET"]}}],"collection":[{"href":"https:\/\/lettresdepoilus-pays-de-ploermel.fr\/index.php\/wp-json\/wp\/v2\/posts"}],"about":[{"href":"https:\/\/lettresdepoilus-pays-de-ploermel.fr\/index.php\/wp-json\/wp\/v2\/types\/post"}],"author":[{"embeddable":true,"href":"https:\/\/lettresdepoilus-pays-de-ploermel.fr\/index.php\/wp-json\/wp\/v2\/users\/1"}],"replies":[{"embeddable":true,"href":"https:\/\/lettresdepoilus-pays-de-ploermel.fr\/index.php\/wp-json\/wp\/v2\/comments?post=10597"}],"version-history":[{"count":2,"href":"https:\/\/lettresdepoilus-pays-de-ploermel.fr\/index.php\/wp-json\/wp\/v2\/posts\/10597\/revisions"}],"predecessor-version":[{"id":11718,"href":"https:\/\/lettresdepoilus-pays-de-ploermel.fr\/index.php\/wp-json\/wp\/v2\/posts\/10597\/revisions\/11718"}],"wp:attachment":[{"href":"https:\/\/lettresdepoilus-pays-de-ploermel.fr\/index.php\/wp-json\/wp\/v2\/media?parent=10597"}],"wp:term":[{"taxonomy":"category","embeddable":true,"href":"https:\/\/lettresdepoilus-pays-de-ploermel.fr\/index.php\/wp-json\/wp\/v2\/categories?post=10597"},{"taxonomy":"post_tag","embeddable":true,"href":"https:\/\/lettresdepoilus-pays-de-ploermel.fr\/index.php\/wp-json\/wp\/v2\/tags?post=10597"}],"curies":[{"name":"wp","href":"https:\/\/api.w.org\/{rel}","templated":true}]}}