{"id":10184,"date":"2024-12-23T11:24:23","date_gmt":"2024-12-23T10:24:23","guid":{"rendered":"https:\/\/lettresdepoilus-pays-de-ploermel.fr\/?p=10184"},"modified":"2024-12-23T11:24:23","modified_gmt":"2024-12-23T10:24:23","slug":"henri-mace","status":"publish","type":"post","link":"https:\/\/lettresdepoilus-pays-de-ploermel.fr\/index.php\/2024\/12\/23\/henri-mace\/","title":{"rendered":"Henri MAC\u00c9"},"content":{"rendered":"\n<p>Henri Fran\u00e7ois Melaine MAC\u00c9 est n\u00e9 le 10 novembre 1893 \u00e0 Mohon (Morbihan) et est d\u00e9c\u00e9d\u00e9 le 21 avril 1918 \u00e0 Llop (Mac\u00e9doine)<\/p>\n\n\n\n<p>Il \u00e9tait incorpor\u00e9 au 84\u00e8me R\u00e9giment d&rsquo;Infanterie. <\/p>\n\n\n<div class=\"wp-block-image\">\n<figure class=\"aligncenter size-full\"><a href=\"https:\/\/memorial19141918.wordpress.com\/category\/084-ri\/\" target=\"_blank\" rel=\" noreferrer noopener\"><img fetchpriority=\"high\" decoding=\"async\" width=\"652\" height=\"225\" src=\"https:\/\/lettresdepoilus-pays-de-ploermel.fr\/wp-content\/uploads\/2024\/12\/image-5.png\" alt=\"\" class=\"wp-image-9941\" srcset=\"https:\/\/lettresdepoilus-pays-de-ploermel.fr\/wp-content\/uploads\/2024\/12\/image-5.png 652w, https:\/\/lettresdepoilus-pays-de-ploermel.fr\/wp-content\/uploads\/2024\/12\/image-5-300x104.png 300w\" sizes=\"(max-width: 652px) 100vw, 652px\" \/><\/a><figcaption class=\"wp-element-caption\"><strong>Historique du 84\u00e8me R\u00e9giment d&rsquo;Infanterie.<\/strong><\/figcaption><\/figure>\n<\/div>\n\n\n<p><\/p>\n","protected":false},"excerpt":{"rendered":"<p>Henri Fran\u00e7ois Melaine MAC\u00c9 est n\u00e9 le 10 novembre 1893 \u00e0 Mohon (Morbihan) et est d\u00e9c\u00e9d\u00e9 le 21 avril 1918 \u00e0 Llop (Mac\u00e9doine) Il \u00e9tait incorpor\u00e9 au 84\u00e8me R\u00e9giment d&rsquo;Infanterie.<\/p>\n","protected":false},"author":1,"featured_media":0,"comment_status":"closed","ping_status":"closed","sticky":false,"template":"","format":"standard","meta":{"iawp_total_views":0,"footnotes":""},"categories":[45],"tags":[75],"class_list":["post-10184","post","type-post","status-publish","format-standard","hentry","category--portraits","tag-mohon"],"acf":[],"_links":{"self":[{"href":"https:\/\/lettresdepoilus-pays-de-ploermel.fr\/index.php\/wp-json\/wp\/v2\/posts\/10184","targetHints":{"allow":["GET"]}}],"collection":[{"href":"https:\/\/lettresdepoilus-pays-de-ploermel.fr\/index.php\/wp-json\/wp\/v2\/posts"}],"about":[{"href":"https:\/\/lettresdepoilus-pays-de-ploermel.fr\/index.php\/wp-json\/wp\/v2\/types\/post"}],"author":[{"embeddable":true,"href":"https:\/\/lettresdepoilus-pays-de-ploermel.fr\/index.php\/wp-json\/wp\/v2\/users\/1"}],"replies":[{"embeddable":true,"href":"https:\/\/lettresdepoilus-pays-de-ploermel.fr\/index.php\/wp-json\/wp\/v2\/comments?post=10184"}],"version-history":[{"count":2,"href":"https:\/\/lettresdepoilus-pays-de-ploermel.fr\/index.php\/wp-json\/wp\/v2\/posts\/10184\/revisions"}],"predecessor-version":[{"id":10482,"href":"https:\/\/lettresdepoilus-pays-de-ploermel.fr\/index.php\/wp-json\/wp\/v2\/posts\/10184\/revisions\/10482"}],"wp:attachment":[{"href":"https:\/\/lettresdepoilus-pays-de-ploermel.fr\/index.php\/wp-json\/wp\/v2\/media?parent=10184"}],"wp:term":[{"taxonomy":"category","embeddable":true,"href":"https:\/\/lettresdepoilus-pays-de-ploermel.fr\/index.php\/wp-json\/wp\/v2\/categories?post=10184"},{"taxonomy":"post_tag","embeddable":true,"href":"https:\/\/lettresdepoilus-pays-de-ploermel.fr\/index.php\/wp-json\/wp\/v2\/tags?post=10184"}],"curies":[{"name":"wp","href":"https:\/\/api.w.org\/{rel}","templated":true}]}}