{"id":10180,"date":"2024-12-23T11:28:25","date_gmt":"2024-12-23T10:28:25","guid":{"rendered":"https:\/\/lettresdepoilus-pays-de-ploermel.fr\/?p=10180"},"modified":"2024-12-23T11:28:25","modified_gmt":"2024-12-23T10:28:25","slug":"desire-lorand","status":"publish","type":"post","link":"https:\/\/lettresdepoilus-pays-de-ploermel.fr\/index.php\/2024\/12\/23\/desire-lorand\/","title":{"rendered":"D\u00e9sir\u00e9 LORAND"},"content":{"rendered":"\n<p>D\u00e9sir\u00e9 Mathurin LORAND est n\u00e9 le 4 novembre 1897 \u00e0 Les Forges (Morbihan) et est d\u00e9c\u00e9d\u00e9 le 27 mai 1918 \u00e0 Longueval (Aisne)<\/p>\n\n\n\n<p>Il \u00e9tait incorpor\u00e9 au 252\u00e8me R\u00e9giment d&rsquo;Infanterie.<\/p>\n\n\n<div class=\"wp-block-image\">\n<figure class=\"aligncenter size-full\"><a href=\"https:\/\/memorial19141918.wordpress.com\/category\/252-ri\/\" target=\"_blank\" rel=\" noreferrer noopener\"><img fetchpriority=\"high\" decoding=\"async\" width=\"652\" height=\"225\" src=\"https:\/\/lettresdepoilus-pays-de-ploermel.fr\/wp-content\/uploads\/2024\/12\/image-5.png\" alt=\"\" class=\"wp-image-9941\" srcset=\"https:\/\/lettresdepoilus-pays-de-ploermel.fr\/wp-content\/uploads\/2024\/12\/image-5.png 652w, https:\/\/lettresdepoilus-pays-de-ploermel.fr\/wp-content\/uploads\/2024\/12\/image-5-300x104.png 300w\" sizes=\"(max-width: 652px) 100vw, 652px\" \/><\/a><figcaption class=\"wp-element-caption\"><strong>Historique du 252\u00e8me R\u00e9giment d&rsquo;Infanterie.<\/strong><\/figcaption><\/figure>\n<\/div>","protected":false},"excerpt":{"rendered":"<p>D\u00e9sir\u00e9 Mathurin LORAND est n\u00e9 le 4 novembre 1897 \u00e0 Les Forges (Morbihan) et est d\u00e9c\u00e9d\u00e9 le 27 mai 1918 \u00e0 Longueval (Aisne) Il \u00e9tait incorpor\u00e9 au 252\u00e8me R\u00e9giment d&rsquo;Infanterie.<\/p>\n","protected":false},"author":1,"featured_media":0,"comment_status":"closed","ping_status":"closed","sticky":false,"template":"","format":"standard","meta":{"iawp_total_views":0,"footnotes":""},"categories":[45],"tags":[75],"class_list":["post-10180","post","type-post","status-publish","format-standard","hentry","category--portraits","tag-mohon"],"acf":[],"_links":{"self":[{"href":"https:\/\/lettresdepoilus-pays-de-ploermel.fr\/index.php\/wp-json\/wp\/v2\/posts\/10180","targetHints":{"allow":["GET"]}}],"collection":[{"href":"https:\/\/lettresdepoilus-pays-de-ploermel.fr\/index.php\/wp-json\/wp\/v2\/posts"}],"about":[{"href":"https:\/\/lettresdepoilus-pays-de-ploermel.fr\/index.php\/wp-json\/wp\/v2\/types\/post"}],"author":[{"embeddable":true,"href":"https:\/\/lettresdepoilus-pays-de-ploermel.fr\/index.php\/wp-json\/wp\/v2\/users\/1"}],"replies":[{"embeddable":true,"href":"https:\/\/lettresdepoilus-pays-de-ploermel.fr\/index.php\/wp-json\/wp\/v2\/comments?post=10180"}],"version-history":[{"count":2,"href":"https:\/\/lettresdepoilus-pays-de-ploermel.fr\/index.php\/wp-json\/wp\/v2\/posts\/10180\/revisions"}],"predecessor-version":[{"id":10483,"href":"https:\/\/lettresdepoilus-pays-de-ploermel.fr\/index.php\/wp-json\/wp\/v2\/posts\/10180\/revisions\/10483"}],"wp:attachment":[{"href":"https:\/\/lettresdepoilus-pays-de-ploermel.fr\/index.php\/wp-json\/wp\/v2\/media?parent=10180"}],"wp:term":[{"taxonomy":"category","embeddable":true,"href":"https:\/\/lettresdepoilus-pays-de-ploermel.fr\/index.php\/wp-json\/wp\/v2\/categories?post=10180"},{"taxonomy":"post_tag","embeddable":true,"href":"https:\/\/lettresdepoilus-pays-de-ploermel.fr\/index.php\/wp-json\/wp\/v2\/tags?post=10180"}],"curies":[{"name":"wp","href":"https:\/\/api.w.org\/{rel}","templated":true}]}}